{"id":10663,"date":"2025-01-09T17:46:13","date_gmt":"2025-01-09T20:46:13","guid":{"rendered":"https:\/\/partediario.com.ar\/?p=10663"},"modified":"2025-01-10T10:59:42","modified_gmt":"2025-01-10T13:59:42","slug":"alpine-confirmo-como-nuevo-piloto-a-franco-colapinto","status":"publish","type":"post","link":"https:\/\/partediario.com.ar\/?p=10663","title":{"rendered":"Alpine confirm\u00f3 como nuevo piloto a Franco Colapinto"},"content":{"rendered":"\n<h3 class=\"wp-block-heading\">La escuder\u00eda francesa Alpine oficializ\u00f3 al argentino Franco Colapinto como uno de sus nuevos pilotos, por lo que est\u00e1 cada vez m\u00e1s cerca de correr en la F\u00f3rmula 1.<\/h3>\n\n\n\n<p>Alpine, que en el 2024 termin\u00f3 sexto en el campeonato de Constructores, confirm\u00f3 la incorporaci\u00f3n de Colapinto a trav\u00e9s de un posteo en sus redes sociales.<\/p>\n\n\n\n<p>\u00abSe incorpora a nosotros con un contrato de varios a\u00f1os. Franco ser\u00e1 nuestro piloto de reserva para el 2025\u00bb, indic\u00f3 la escuder\u00eda en sus redes sociales.<\/p>\n\n\n\n<p>Todo indicar\u00eda que el argentino ser\u00e1 el \u00abPlan B\u00bb en caso de que el australiano Jack Doohan no obtenga los resultados deseados.<\/p>\n\n\n\n<p>De este modo, Colapinto est\u00e1 m\u00e1s cerca que nunca de volver a la F\u00f3rmula 1, categor\u00eda en la que disput\u00f3 los \u00faltimos nueve Grandes Premios del 2024 con la escuder\u00eda Williams.<\/p>\n\n\n\n<p>Alpine actualmente tiene como pilotos titulares al franc\u00e9s Pierre Gasly, quien fue clave para que terminaran en la sexta colocaci\u00f3n del campeonato de Constructores del a\u00f1o pasado, y al australiano Jack Doohan, hijo de Mick, el m\u00faltiple campe\u00f3n de MotoGP.<\/p>\n\n\n\n<p>Este jueves Alpine ya hab\u00eda confirmado al japon\u00e9s Rio Hirakawa, de 30 a\u00f1os, para ser el nuevo piloto de reserva del equipo junto al estonio Paul Aron.<\/p>\n\n\n\n<p>Durante sus primeros Grandes Premios en la F\u00f3rmula 1, Colapinto tuvo muy buenas actuaciones y fue una constante verlo superar al franc\u00e9s Pierre Gasly, quien podr\u00eda ser su compa\u00f1ero en caso de que decidan colocarlo como titular en Alpine.<\/p>\n\n\n\n<p>Durante el GP de Singapur se dio una graciosa situaci\u00f3n por un error de Colapinto, que termin\u00f3 siendo una premonici\u00f3n de lo que ocurrir\u00eda solo unos meses despu\u00e9s.<\/p>\n\n\n\n<p>Pcurre que en medio de una de las sesiones, Colapinto se equivoc\u00f3 de box y fue al de Alpine, cuando tendr\u00eda que haber ido al de Williams. Ambos equipos se tomaron con risas esta situaci\u00f3n, sin imaginarse el futuro del argentino en el equipo franc\u00e9s.<\/p>\n\n\n\n<p><strong>C\u00f3mo fue el 2024 de Colapinto en la F\u00f3rmula 1:<\/strong><\/p>\n\n\n\n<p>GP de Italia: 12\u00b0<br>GP de Azerbaiy\u00e1n: 8\u00b0<br>GP de Singapur: 11\u00b0<br>GP de Estados Unidos: 10\u00b0<br>GP de M\u00e9xico: 12\u00b0<br>GP de Brasil: abandon\u00f3<br>GP de Las Vegas: 14\u00b0<br>GP de Qatar: abandon\u00f3<br>GP de Abu Dhabi: abandon\u00f3.<\/p>\n","protected":false},"excerpt":{"rendered":"<p>La escuder&iacute;a francesa Alpine oficializ&oacute; al argentino Franco Colapinto como uno de sus nuevos pilotos, por lo que est&aacute; cada vez m&aacute;s cerca de correr en la F&oacute;rmula 1. Alpine, que en el 2024 termin&oacute; sexto en el campeonato de Constructores, confirm&oacute; la incorporaci&oacute;n de Colapinto a trav&eacute;s de un posteo en sus redes sociales. [&hellip;]<\/p>\n","protected":false},"author":2,"featured_media":10664,"comment_status":"open","ping_status":"open","sticky":false,"template":"","format":"standard","meta":{"footnotes":""},"categories":[4,9],"tags":[680,4671,2848,2847],"class_list":["post-10663","post","type-post","status-publish","format-standard","has-post-thumbnail","hentry","category-deportes","category-internacionales","tag-680","tag-alpine","tag-f1","tag-franco-colapinto"],"_links":{"self":[{"href":"https:\/\/partediario.com.ar\/index.php?rest_route=\/wp\/v2\/posts\/10663","targetHints":{"allow":["GET"]}}],"collection":[{"href":"https:\/\/partediario.com.ar\/index.php?rest_route=\/wp\/v2\/posts"}],"about":[{"href":"https:\/\/partediario.com.ar\/index.php?rest_route=\/wp\/v2\/types\/post"}],"author":[{"embeddable":true,"href":"https:\/\/partediario.com.ar\/index.php?rest_route=\/wp\/v2\/users\/2"}],"replies":[{"embeddable":true,"href":"https:\/\/partediario.com.ar\/index.php?rest_route=%2Fwp%2Fv2%2Fcomments&post=10663"}],"version-history":[{"count":1,"href":"https:\/\/partediario.com.ar\/index.php?rest_route=\/wp\/v2\/posts\/10663\/revisions"}],"predecessor-version":[{"id":10665,"href":"https:\/\/partediario.com.ar\/index.php?rest_route=\/wp\/v2\/posts\/10663\/revisions\/10665"}],"wp:featuredmedia":[{"embeddable":true,"href":"https:\/\/partediario.com.ar\/index.php?rest_route=\/wp\/v2\/media\/10664"}],"wp:attachment":[{"href":"https:\/\/partediario.com.ar\/index.php?rest_route=%2Fwp%2Fv2%2Fmedia&parent=10663"}],"wp:term":[{"taxonomy":"category","embeddable":true,"href":"https:\/\/partediario.com.ar\/index.php?rest_route=%2Fwp%2Fv2%2Fcategories&post=10663"},{"taxonomy":"post_tag","embeddable":true,"href":"https:\/\/partediario.com.ar\/index.php?rest_route=%2Fwp%2Fv2%2Ftags&post=10663"}],"curies":[{"name":"wp","href":"https:\/\/api.w.org\/{rel}","templated":true}]}}