{"id":10666,"date":"2025-01-09T17:51:22","date_gmt":"2025-01-09T20:51:22","guid":{"rendered":"https:\/\/partediario.com.ar\/?p=10666"},"modified":"2025-01-10T10:59:38","modified_gmt":"2025-01-10T13:59:38","slug":"vowles-se-despidio-de-colapinto-ha-sido-un-placer-verte-crecer-y-desarrollarte-no-solo-como-piloto-sino-como-persona-expreso","status":"publish","type":"post","link":"https:\/\/partediario.com.ar\/?p=10666","title":{"rendered":"Vowles se despidi\u00f3 de Colapinto: \u00abHa sido un placer verte crecer y desarrollarte, no s\u00f3lo como piloto, sino como persona\u00bb, expres\u00f3"},"content":{"rendered":"\n<h3 class=\"wp-block-heading\">El argentino Franco Colapinto fue confirmado como uno de los pilotos de Alpine y el director del equipo principal de Williams, James Vowles se despidi\u00f3 del pilarense dese\u00e1ndole lo mejor en su nueva etapa.<\/h3>\n\n\n\n<p>Por medio de su cuenta de Instagram, Vowles le dedic\u00f3 unas emotivas palabras a Colapinto luego de compartir nueve carreras juntos en Williams: \u201cMuchas gracias, Franco. Ha sido un placer verte crecer y desarrollarte, no s\u00f3lo como conductor, sino como persona. De unirse a nuestra Academia de Conductores en 2023 a completar la temporada 2024 como piloto de F\u00f3rmula 1\u201d.<\/p>\n\n\n\n<p>\u201cNo puedo esperar a verte seguir brillando. Todo lo mejor, t\u00edo James\u201d, cerr\u00f3 el director de equipo de Williams.<\/p>\n\n\n\n<p>James Vowles se despidi\u00f3 de Franco Colapinto: \u00abHa sido un placer verte crecer y desarrollarte, no s\u00f3lo como piloto, sino como persona\u00bb<br>Por otro lado, a trav\u00e9s de su p\u00e1gina oficial, la escuder\u00eda brit\u00e1nica public\u00f3 las declaraciones de Vowles tras llegar a un acuerdo para que Colapinto pueda seguir creciendo en la F\u00f3rmula 1: \u00abEstamos encantados de haber llegado a un acuerdo con Alpine para que Franco se una al equipo en un acuerdo plurianual a partir de 2025\u00bb.<\/p>\n\n\n\n<p>\u201cA lo largo de nueve carreras memorables con Williams, Franco demostr\u00f3 claramente que merece un lugar en la F\u00f3rmula 1. Siempre dijimos que lo apoyar\u00edamos para que lo consiguiera\u201d, agreg\u00f3.<\/p>\n\n\n\n<p>Vowles resalt\u00f3 adem\u00e1s que sus pilotos para esta temporada ser\u00e1n el tailand\u00e9s Alex Albon y el espa\u00f1ol Carlos Sainz Jr: \u00abWilliams tiene una de las alineaciones de pilotos m\u00e1s formidables de la parrilla para 2025 y m\u00e1s all\u00e1 con Alex Albon y Carlos Sainz, por lo que creemos que este acuerdo con Alpine representa la mejor oportunidad de Franco de asegurarse un asiento en la carrera de 2025 o 2026\u201d.<\/p>\n\n\n\n<p>\u201cEstamos orgullosos de haber devuelto a Argentina a la parrilla de F1, queremos agradecer a Franco por todo lo que ha aportado al equipo y esperamos con ansias las futuras batallas en la pista\u201d, finaliz\u00f3.<\/p>\n","protected":false},"excerpt":{"rendered":"<p>El argentino Franco Colapinto fue confirmado como uno de los pilotos de Alpine y el director del equipo principal de Williams, James Vowles se despidi&oacute; del pilarense dese&aacute;ndole lo mejor en su nueva etapa. Por medio de su cuenta de Instagram, Vowles le dedic&oacute; unas emotivas palabras a Colapinto luego de compartir nueve carreras juntos [&hellip;]<\/p>\n","protected":false},"author":2,"featured_media":10667,"comment_status":"open","ping_status":"open","sticky":false,"template":"","format":"standard","meta":{"footnotes":""},"categories":[4,5],"tags":[680,4671,2848,2847,3335,2890],"class_list":["post-10666","post","type-post","status-publish","format-standard","has-post-thumbnail","hentry","category-deportes","category-nacionales","tag-680","tag-alpine","tag-f1","tag-franco-colapinto","tag-james-volwes","tag-williams"],"_links":{"self":[{"href":"https:\/\/partediario.com.ar\/index.php?rest_route=\/wp\/v2\/posts\/10666","targetHints":{"allow":["GET"]}}],"collection":[{"href":"https:\/\/partediario.com.ar\/index.php?rest_route=\/wp\/v2\/posts"}],"about":[{"href":"https:\/\/partediario.com.ar\/index.php?rest_route=\/wp\/v2\/types\/post"}],"author":[{"embeddable":true,"href":"https:\/\/partediario.com.ar\/index.php?rest_route=\/wp\/v2\/users\/2"}],"replies":[{"embeddable":true,"href":"https:\/\/partediario.com.ar\/index.php?rest_route=%2Fwp%2Fv2%2Fcomments&post=10666"}],"version-history":[{"count":1,"href":"https:\/\/partediario.com.ar\/index.php?rest_route=\/wp\/v2\/posts\/10666\/revisions"}],"predecessor-version":[{"id":10668,"href":"https:\/\/partediario.com.ar\/index.php?rest_route=\/wp\/v2\/posts\/10666\/revisions\/10668"}],"wp:featuredmedia":[{"embeddable":true,"href":"https:\/\/partediario.com.ar\/index.php?rest_route=\/wp\/v2\/media\/10667"}],"wp:attachment":[{"href":"https:\/\/partediario.com.ar\/index.php?rest_route=%2Fwp%2Fv2%2Fmedia&parent=10666"}],"wp:term":[{"taxonomy":"category","embeddable":true,"href":"https:\/\/partediario.com.ar\/index.php?rest_route=%2Fwp%2Fv2%2Fcategories&post=10666"},{"taxonomy":"post_tag","embeddable":true,"href":"https:\/\/partediario.com.ar\/index.php?rest_route=%2Fwp%2Fv2%2Ftags&post=10666"}],"curies":[{"name":"wp","href":"https:\/\/api.w.org\/{rel}","templated":true}]}}