{"id":10669,"date":"2025-01-09T18:08:37","date_gmt":"2025-01-09T21:08:37","guid":{"rendered":"https:\/\/partediario.com.ar\/?p=10669"},"modified":"2025-01-10T10:59:34","modified_gmt":"2025-01-10T13:59:34","slug":"denuncian-que-maria-corina-machado-fue-interceptada-por-efectivos-de-nicolas-maduro","status":"publish","type":"post","link":"https:\/\/partediario.com.ar\/?p=10669","title":{"rendered":"Denuncian que Mar\u00eda Corina Machado fue \u00abinterceptada\u00bb por efectivos de Nicol\u00e1s Maduro"},"content":{"rendered":"\n<h3 class=\"wp-block-heading\">La dirigente opositora venezolana Mar\u00eda Corina Machado reapareci\u00f3 en p\u00fablico este jueves en el marco de las multitudinarias protestas contra el presidente Nicol\u00e1s Maduro y sus seguidores denunciaron que fue interceptada por efectivos en moto. se desconoce si fue secuestrada.<\/h3>\n\n\n\n<p>El espacio opositor Comando Venezuela denunci\u00f3 que la dirigente Mar\u00eda Corina Machado fue \u00abviolentamente interceptada\u00bb por efectivos de Nicol\u00e1s Maduro tras paricipar de las protestas en Caracas.<\/p>\n\n\n\n<p><\/p>\n\n\n\n<blockquote class=\"twitter-tweet\"><p lang=\"es\" dir=\"ltr\">Como presidente electo, exijo la liberaci\u00f3n inmediata de Mar\u00eda Corina Machado. <br><br>A los cuerpos de seguridad que la secuestraron les digo: no jueguen con fuego.<\/p>&mdash; Edmundo Gonz\u00e1lez (@EdmundoGU) <a href=\"https:\/\/twitter.com\/EdmundoGU\/status\/1877446787771838468?ref_src=twsrc%5Etfw\">January 9, 2025<\/a><\/blockquote> <script async src=\"https:\/\/platform.twitter.com\/widgets.js\" charset=\"utf-8\"><\/script>\n\n\n\n<p>Mauricio Macri tambi\u00e9n exigi\u00f3 su liberaci\u00f3n<\/p>\n\n\n\n<p><\/p>\n\n\n\n<blockquote class=\"twitter-tweet\"><p lang=\"es\" dir=\"ltr\">Mar\u00eda Corina, no vamos a abandonarte. Venezuela ser\u00e1 Libre!<\/p>&mdash; Mauricio Macri (@mauriciomacri) <a href=\"https:\/\/twitter.com\/mauriciomacri\/status\/1877444316542484828?ref_src=twsrc%5Etfw\">January 9, 2025<\/a><\/blockquote> <script async src=\"https:\/\/platform.twitter.com\/widgets.js\" charset=\"utf-8\"><\/script>\n\n\n\n<p><\/p>\n\n\n\n<p>\u00abMar\u00eda Corina fue violentamente interceptada a su salida de la concentraci\u00f3n en Chacao. Esperamos confirmar en minutos su situaci\u00f3n. Efectivos del r\u00e9gimen dispararon contra las motos que la trasladaban\u00bb, se\u00f1alaron desde el espacio en su cuenta de la red social X.<\/p>\n\n\n\n<p><\/p>\n\n\n\n<blockquote class=\"twitter-tweet\"><p lang=\"es\" dir=\"ltr\">\ud83d\udea8 I M P O R T A N T E \ud83d\udea8<br><br>Nos tom\u00f3 tiempo entender la gravedad de esta situaci\u00f3n. <br><br>Los hechos: <br>Saliendo de la concentraci\u00f3n en Chacao, Caracas, <a href=\"https:\/\/twitter.com\/MariaCorinaYA?ref_src=twsrc%5Etfw\">@MariaCorinaYA<\/a> fue interceptada y tumbada de la moto en la que se trasladaba. En el suceso detonaron armas de fuego. Se la llevaron\u2026<\/p>&mdash; MAGALLI MEDA (@MagalliMeda) <a href=\"https:\/\/twitter.com\/MagalliMeda\/status\/1877461261971231048?ref_src=twsrc%5Etfw\">January 9, 2025<\/a><\/blockquote> <script async src=\"https:\/\/platform.twitter.com\/widgets.js\" charset=\"utf-8\"><\/script>\n\n\n\n<p><\/p>\n\n\n\n<p>La referente pol\u00edtica se dej\u00f3 ver en una de las manifestaciones que se llev\u00f3 a cabo en Chacao, Caracas, tras permanecer varios meses en la clandestinidad dentro de Venezuela.<\/p>\n\n\n\n<p>Machado hab\u00eda sido la principal impulsora de las protestas de este jueves contra Maduro, un d\u00eda antes de la asunci\u00f3n del l\u00edder chavista por otro mandato.<\/p>\n\n\n\n<p>\u00abTodos los d\u00edas nos dec\u00edan que era imposible, pero todos sab\u00edamos lo que iba a pasar el 28 de julio. Ese d\u00eda cambi\u00f3 la historia para siempre. El r\u00e9gimen se hundi\u00f3, sac\u00f3 lo peor que tienen y lo \u00fanico que les queda: el pretender sembrar el miedo\u00bb, destac\u00f3 la dirigente opositora.<\/p>\n\n\n\n<p>Y subray\u00f3 que \u00abtoda esta fuerza que se ha construido y que crece cada d\u00eda prepara para terminar esta fase final\u00bb.<\/p>\n\n\n\n<p>\u00abHagan lo que hagan ma\u00f1ana, se terminan de enterrar. Ma\u00f1ana es la prueba de fuego que termina de condenar a este sistema. Que nadie tenga dudas. Lo que hagan ma\u00f1ana sentencia el final del regimen\u00bb, apunt\u00f3 Machado ante la multitud.<\/p>\n\n\n\n<p>La \u00faltima vez que se la vio en p\u00fablico fue hace cuatro meses y durante ese per\u00edodo se mantuvo oculta en un lugar secreto dentro de Venezuela.<\/p>\n\n\n\n<p>Machado no hab\u00eda podido competir en las elecciones por un impedimento judicial, pero hab\u00eda nombrado a Edmundo Gonz\u00e1lez Urrutia, quien finalmente compiti\u00f3 contra Maduro el 28 de julio \u00faltimo.<\/p>\n\n\n\n<p>Gonz\u00e1lez Urrutia tiene previsto regresar ma\u00f1ana a Venezuela para asumir la Presidencia, en momentos en que la justicia local orden\u00f3 su detenci\u00f3n apenas toque suelo venezolano.<\/p>\n\n\n\n<p>\u201cNunca en mi vida me hab\u00eda sentido tan orgullosa; en toda Venezuela la gente sali\u00f3 a la calle\u201d, afirm\u00f3 la dirigente opositora al llegar a la zona de protesta.<\/p>\n","protected":false},"excerpt":{"rendered":"<p>La dirigente opositora venezolana Mar&iacute;a Corina Machado reapareci&oacute; en p&uacute;blico este jueves en el marco de las multitudinarias protestas contra el presidente Nicol&aacute;s Maduro y sus seguidores denunciaron que fue interceptada por efectivos en moto. se desconoce si fue secuestrada. El espacio opositor Comando Venezuela denunci&oacute; que la dirigente Mar&iacute;a Corina Machado fue &laquo;violentamente interceptada&raquo; [&hellip;]<\/p>\n","protected":false},"author":2,"featured_media":10670,"comment_status":"open","ping_status":"open","sticky":false,"template":"","format":"standard","meta":{"footnotes":""},"categories":[9],"tags":[2042,812,4919,2128,1564],"class_list":["post-10669","post","type-post","status-publish","format-standard","has-post-thumbnail","hentry","category-internacionales","tag-caracas","tag-denuncia","tag-interceptada","tag-maria-corina-machado","tag-nicolas-maduro"],"_links":{"self":[{"href":"https:\/\/partediario.com.ar\/index.php?rest_route=\/wp\/v2\/posts\/10669","targetHints":{"allow":["GET"]}}],"collection":[{"href":"https:\/\/partediario.com.ar\/index.php?rest_route=\/wp\/v2\/posts"}],"about":[{"href":"https:\/\/partediario.com.ar\/index.php?rest_route=\/wp\/v2\/types\/post"}],"author":[{"embeddable":true,"href":"https:\/\/partediario.com.ar\/index.php?rest_route=\/wp\/v2\/users\/2"}],"replies":[{"embeddable":true,"href":"https:\/\/partediario.com.ar\/index.php?rest_route=%2Fwp%2Fv2%2Fcomments&post=10669"}],"version-history":[{"count":1,"href":"https:\/\/partediario.com.ar\/index.php?rest_route=\/wp\/v2\/posts\/10669\/revisions"}],"predecessor-version":[{"id":10671,"href":"https:\/\/partediario.com.ar\/index.php?rest_route=\/wp\/v2\/posts\/10669\/revisions\/10671"}],"wp:featuredmedia":[{"embeddable":true,"href":"https:\/\/partediario.com.ar\/index.php?rest_route=\/wp\/v2\/media\/10670"}],"wp:attachment":[{"href":"https:\/\/partediario.com.ar\/index.php?rest_route=%2Fwp%2Fv2%2Fmedia&parent=10669"}],"wp:term":[{"taxonomy":"category","embeddable":true,"href":"https:\/\/partediario.com.ar\/index.php?rest_route=%2Fwp%2Fv2%2Fcategories&post=10669"},{"taxonomy":"post_tag","embeddable":true,"href":"https:\/\/partediario.com.ar\/index.php?rest_route=%2Fwp%2Fv2%2Ftags&post=10669"}],"curies":[{"name":"wp","href":"https:\/\/api.w.org\/{rel}","templated":true}]}}