{"id":10678,"date":"2025-01-09T18:33:47","date_gmt":"2025-01-09T21:33:47","guid":{"rendered":"https:\/\/partediario.com.ar\/?p=10678"},"modified":"2025-01-10T10:59:26","modified_gmt":"2025-01-10T13:59:26","slug":"macri-le-respondio-a-milei-y-designo-a-cinco-negociadores-del-pro-para-debatir-un-acuerdo-electoral-con-lla","status":"publish","type":"post","link":"https:\/\/partediario.com.ar\/?p=10678","title":{"rendered":"Macri le respondi\u00f3 a Milei y design\u00f3 a cinco negociadores del PRO para debatir un acuerdo electoral con LLA"},"content":{"rendered":"\n<h3 class=\"wp-block-heading\">El ex mandatario Mauricio Macri contest\u00f3 hoy favorablemente al llamado del presidente Javier Milei a un \u201cacuerdo total\u00bb con el PRO para \u201darrasar con el kirchnerismo\u201d en las pr\u00f3ximas elecciones, y anticip\u00f3 los nombres de los cinco representantes de su fuerza pol\u00edtica que se abocar\u00e1n a la tarea de discutir un acuerdo electoral con La Libertad Avanza.<\/h3>\n\n\n\n<p>Los cinco designados por el titular del PRO son: Cristian Ritondo, Ana Clara Romero, Silvia Lospennato, Hern\u00e1n Lacunza y Soledad Mart\u00ednez.<\/p>\n\n\n\n<p>\u201cCon ellos, y los nombres que LLA proponga, podemos conformar un equipo no solo para defender los logros obtenidos, sino adem\u00e1s para avanzar en una agenda profunda de cambios y transformaciones que Argentina necesita\u201d, tuite\u00f3 el l\u00edder del PRO, redoblando la apuesta.<\/p>\n\n\n\n<p>Poco antes, hab\u00eda escrito un posteo en el cual manifestaba su aceptaci\u00f3n de la propuesta de Milei y le comunicaba su decisi\u00f3n de conformar \u201cun equipo de trabajo\u201d para negociar con la contraparte designada de La Libertad Avanza.<\/p>\n\n\n\n<p><\/p>\n\n\n\n<blockquote class=\"twitter-tweet\"><p lang=\"es\" dir=\"ltr\">Querido Javier. Desde el PRO siempre vamos a estar del lado de los que trabajan para terminar con el populismo, la demagogia y la falta de transparencia. En definitiva, para que el kirchnerismo nunca m\u00e1s vuelva a gobernar el pa\u00eds o alguna de las 24 provincias argentinas. Es por\u2026<\/p>&mdash; Mauricio Macri (@mauriciomacri) <a href=\"https:\/\/twitter.com\/mauriciomacri\/status\/1877332267422388248?ref_src=twsrc%5Etfw\">January 9, 2025<\/a><\/blockquote> <script async src=\"https:\/\/platform.twitter.com\/widgets.js\" charset=\"utf-8\"><\/script>\n\n\n\n<p><\/p>\n\n\n\n<p>\u201cQuerido Javier. Desde el PRO siempre vamos a estar del lado de los que trabajan para terminar con el populismo, la demagogia y la falta de transparencia. En definitiva, para que el kirchnerismo nunca m\u00e1s vuelva a gobernar el pa\u00eds o alguna de las 24 provincias argentinas\u00bb, arranc\u00f3 el titular del PRO en la red social X.<\/p>\n\n\n\n<p>\u201cEs por eso que estamos dispuestos a conformar un equipo de trabajo conjuntamente con qui\u00e9n vos dispongas, para defender los logros obtenidos y tambi\u00e9n avanzar en una agenda profunda de cambios y transformaciones que la Argentina a\u00fan necesita\u201d, agreg\u00f3.<\/p>\n\n\n\n<p>\u00abNuestras convicciones y coherencia la planteamos tanto en el balotage del 2023 como en el acompa\u00f1amiento legislativo a lo largo de todo el 2024. Estoy seguro de que este a\u00f1o que comienza podemos representar juntos las banderas del cambio, la libertad y las instituciones\u201d, finaliz\u00f3.<\/p>\n\n\n\n<p>En una entrevista que concedi\u00f3 ayer, Milei sorprendi\u00f3 al expresar la necesidad de alcanzar un \u201cacuerdo total\u201d con el PRO de cara a las pr\u00f3ximas elecciones legislativas con el prop\u00f3sito de \u201carrasar con el kirchnerismo\u201d.<\/p>\n\n\n\n<p>El pedido del jefe de Estado fue un gui\u00f1o que baj\u00f3 la tensi\u00f3n con el PRO, e hizo que escalara la presi\u00f3n de quienes desde el PRO le piden a Macri que afloje el enfrentamiento y arregle con Milei.<\/p>\n\n\n\n<p>La deriva conciliadora de Milei dej\u00f3 en \u00aboffside\u00bb a la secretaria general de Presidencia, Karina Milei, y adem\u00e1s al asesor estrella Santiago Caputo, quienes constantemente le recomiendan al presidente que haga valer su capital propio y se olvide de sumar al PRO.<\/p>\n\n\n\n<p>Al margen de las internas en ambos partidos, la ingenier\u00eda para evitar que compitan por separado aun se ve complicada.<\/p>\n\n\n\n<p>Esto es as\u00ed porque La Libertad Avanza no quiere aceptar la pretensi\u00f3n del PRO para que en su basti\u00f3n porte\u00f1o los candidatos libertarios se subordinen a una lista armada por los primos Mauricio y Jorge Macri.<\/p>\n\n\n\n<p>El ofrecimiento del PRO es que a cambio de que La Libertad Avanza ceda en la Ciudad, el partido amarillo haga lo propio en provincia de Buenos Aires, dejando que la lista de candidatos a diputados nacionales est\u00e9 hegemonizada por La Libertad Avanza.<\/p>\n\n\n\n<p>La cuesti\u00f3n es que Karina Milei no quiere saber nada con esconder la cabeza en la Ciudad, ya que tiene candidatos fuertes para competir y encabezar las listas como Patricia Bullrich, Manuel Adorni y Daniel Scioli.<\/p>\n\n\n\n<p>El intercambio entre Milei y Macri se produce ytas un primer a\u00f1o de Gobierno de aquel, en el que los bloques del PRO acompa\u00f1aron en el Congreso las principales iniciativas del Gobierno, aunque se produjeron diferencias en proyectos como el de \u201cFicha Limpia\u201d.<\/p>\n\n\n\n<p>Adem\u00e1s, en el distrito porte\u00f1o, estrat\u00e9gico para el PRO, el jefe de Gobierno Jorge Macri anunci\u00f3 el desdoblamiento de las elecciones, que en el orden local se realizar\u00e1n en julio -las nacionales tendr\u00e1n lugar en octubre- lo que contradice las intenciones de LLA de realizarlas conjuntamente.<\/p>\n","protected":false},"excerpt":{"rendered":"<p>El ex mandatario Mauricio Macri contest&oacute; hoy favorablemente al llamado del presidente Javier Milei a un &ldquo;acuerdo total&raquo; con el PRO para &rdquo;arrasar con el kirchnerismo&rdquo; en las pr&oacute;ximas elecciones, y anticip&oacute; los nombres de los cinco representantes de su fuerza pol&iacute;tica que se abocar&aacute;n a la tarea de discutir un acuerdo electoral con La [&hellip;]<\/p>\n","protected":false},"author":2,"featured_media":10679,"comment_status":"open","ping_status":"open","sticky":false,"template":"","format":"standard","meta":{"footnotes":""},"categories":[5,176],"tags":[1108,232,393,1101,2062],"class_list":["post-10678","post","type-post","status-publish","format-standard","has-post-thumbnail","hentry","category-nacionales","category-politica","tag-acuerdo","tag-javier-milei","tag-lla","tag-mauricio-macri","tag-pro"],"_links":{"self":[{"href":"https:\/\/partediario.com.ar\/index.php?rest_route=\/wp\/v2\/posts\/10678","targetHints":{"allow":["GET"]}}],"collection":[{"href":"https:\/\/partediario.com.ar\/index.php?rest_route=\/wp\/v2\/posts"}],"about":[{"href":"https:\/\/partediario.com.ar\/index.php?rest_route=\/wp\/v2\/types\/post"}],"author":[{"embeddable":true,"href":"https:\/\/partediario.com.ar\/index.php?rest_route=\/wp\/v2\/users\/2"}],"replies":[{"embeddable":true,"href":"https:\/\/partediario.com.ar\/index.php?rest_route=%2Fwp%2Fv2%2Fcomments&post=10678"}],"version-history":[{"count":1,"href":"https:\/\/partediario.com.ar\/index.php?rest_route=\/wp\/v2\/posts\/10678\/revisions"}],"predecessor-version":[{"id":10680,"href":"https:\/\/partediario.com.ar\/index.php?rest_route=\/wp\/v2\/posts\/10678\/revisions\/10680"}],"wp:featuredmedia":[{"embeddable":true,"href":"https:\/\/partediario.com.ar\/index.php?rest_route=\/wp\/v2\/media\/10679"}],"wp:attachment":[{"href":"https:\/\/partediario.com.ar\/index.php?rest_route=%2Fwp%2Fv2%2Fmedia&parent=10678"}],"wp:term":[{"taxonomy":"category","embeddable":true,"href":"https:\/\/partediario.com.ar\/index.php?rest_route=%2Fwp%2Fv2%2Fcategories&post=10678"},{"taxonomy":"post_tag","embeddable":true,"href":"https:\/\/partediario.com.ar\/index.php?rest_route=%2Fwp%2Fv2%2Ftags&post=10678"}],"curies":[{"name":"wp","href":"https:\/\/api.w.org\/{rel}","templated":true}]}}