{"id":10684,"date":"2025-01-09T18:44:42","date_gmt":"2025-01-09T21:44:42","guid":{"rendered":"https:\/\/partediario.com.ar\/?p=10684"},"modified":"2025-01-10T10:59:17","modified_gmt":"2025-01-10T13:59:17","slug":"desalojo-en-chubut-el-que-usurpa-pierde-derechos-senalo-bullrich-a-los-mapuches","status":"publish","type":"post","link":"https:\/\/partediario.com.ar\/?p=10684","title":{"rendered":"Desalojo en Chubut: \u00abEl que usurpa pierde derechos\u00bb, se\u00f1al\u00f3 Bullrich a los Mapuches"},"content":{"rendered":"\n<h3 class=\"wp-block-heading\">La ministra de Seguridad, Patricia Bullrich, asegur\u00f3 que el desalojo hoy de una comunidad mapuche en el parque nacional Los Alerces, provincia de Chubut, es \u201cuna recuperaci\u00f3n para toda la sociedad argentina de un territorio tomado\u201d, y destac\u00f3 que estos grupos deben entender que de ahora en m\u00e1s \u201cel que usurpa pierde derechos\u201d.<\/h3>\n\n\n\n<p>La ministra se\u00f1al\u00f3 que \u201cla Constituci\u00f3n Nacional contempla la posibilidad de acceso a la tierra (por estas comunidades), pero no usurpando y no ejerciendo violencia\u201d, sino mediante una \u201cnegociaci\u00f3n\u201d, y agreg\u00f3 que quienes usurpen no tendr\u00e1n ese derecho.<\/p>\n\n\n\n<p>\u201cEl que usurpa pierde su derecho a tener tierras, as\u00ed como dijimos el que corta una calle no cobra\u201d dijo la funcionaria en declaraciones a una cadena de noticias, haciendo un parang\u00f3n con los movimientos sociales que utilizaban recurrentemente el corte de calles como medida de protesta, destac\u00f3 la ministra.<\/p>\n\n\n\n<p>Indic\u00f3 que \u201cuna cosa es negociar un principio que est\u00e1 en nuestra Constituci\u00f3n Nacional, y otra es esta situaci\u00f3n en la que avanzaban con violencia, usurpando, incendiando, cerrando caminos, cobrando peajes\u201d.<\/p>\n\n\n\n<p>Se\u00f1al\u00f3 que este tipo de situaciones no son exclusivas del sur del pa\u00eds, sino que \u201ctambi\u00e9n hay casos en el norte\u201d y ratific\u00f3 que se va a hablar con los jueces que entienden en las \u201ccausas abiertas para desalojar tierras\u201d para efectivizar los desalojos que correspondan.<\/p>\n\n\n\n<p>Record\u00f3 que este tipo de ocupaciones viene siendo combatido \u201cdesde 2016, cuando ten\u00edamos a la RAM (Resistencia Ancestral Mapuche) que se desarticul\u00f3, pero quedaron comunidades que en vez de una b\u00fasqueda de acuerdos usurpan, cobran peajes, cierran caminos y hasta se instalan en zonas peligrosas\u201d.<\/p>\n\n\n\n<p>Y a\u00f1adi\u00f3 que desde el Poder Ejecutivo se avanza en conversaciones \u201ccon todos los jueces que tienen desalojos para llevarlos adelantes y recuperar tierras robadas\u201d y que cualquier negociaci\u00f3n sobre tierras se llevar\u00e1 a cabo a trav\u00e9s del Instituto Nacional de Asuntos Ind\u00edgenas.<\/p>\n","protected":false},"excerpt":{"rendered":"<p>La ministra de Seguridad, Patricia Bullrich, asegur&oacute; que el desalojo hoy de una comunidad mapuche en el parque nacional Los Alerces, provincia de Chubut, es &ldquo;una recuperaci&oacute;n para toda la sociedad argentina de un territorio tomado&rdquo;, y destac&oacute; que estos grupos deben entender que de ahora en m&aacute;s &ldquo;el que usurpa pierde derechos&rdquo;. La ministra [&hellip;]<\/p>\n","protected":false},"author":2,"featured_media":10685,"comment_status":"open","ping_status":"open","sticky":false,"template":"","format":"standard","meta":{"footnotes":""},"categories":[5,176],"tags":[4826,4338,4933,4931,510],"class_list":["post-10684","post","type-post","status-publish","format-standard","has-post-thumbnail","hentry","category-nacionales","category-politica","tag-chubut","tag-desalojo","tag-mapuches","tag-parque-nacional-los-alerces","tag-patricia-bullrich"],"_links":{"self":[{"href":"https:\/\/partediario.com.ar\/index.php?rest_route=\/wp\/v2\/posts\/10684","targetHints":{"allow":["GET"]}}],"collection":[{"href":"https:\/\/partediario.com.ar\/index.php?rest_route=\/wp\/v2\/posts"}],"about":[{"href":"https:\/\/partediario.com.ar\/index.php?rest_route=\/wp\/v2\/types\/post"}],"author":[{"embeddable":true,"href":"https:\/\/partediario.com.ar\/index.php?rest_route=\/wp\/v2\/users\/2"}],"replies":[{"embeddable":true,"href":"https:\/\/partediario.com.ar\/index.php?rest_route=%2Fwp%2Fv2%2Fcomments&post=10684"}],"version-history":[{"count":1,"href":"https:\/\/partediario.com.ar\/index.php?rest_route=\/wp\/v2\/posts\/10684\/revisions"}],"predecessor-version":[{"id":10686,"href":"https:\/\/partediario.com.ar\/index.php?rest_route=\/wp\/v2\/posts\/10684\/revisions\/10686"}],"wp:featuredmedia":[{"embeddable":true,"href":"https:\/\/partediario.com.ar\/index.php?rest_route=\/wp\/v2\/media\/10685"}],"wp:attachment":[{"href":"https:\/\/partediario.com.ar\/index.php?rest_route=%2Fwp%2Fv2%2Fmedia&parent=10684"}],"wp:term":[{"taxonomy":"category","embeddable":true,"href":"https:\/\/partediario.com.ar\/index.php?rest_route=%2Fwp%2Fv2%2Fcategories&post=10684"},{"taxonomy":"post_tag","embeddable":true,"href":"https:\/\/partediario.com.ar\/index.php?rest_route=%2Fwp%2Fv2%2Ftags&post=10684"}],"curies":[{"name":"wp","href":"https:\/\/api.w.org\/{rel}","templated":true}]}}