{"id":10702,"date":"2025-01-09T21:38:19","date_gmt":"2025-01-10T00:38:19","guid":{"rendered":"https:\/\/partediario.com.ar\/?p=10702"},"modified":"2025-01-09T21:38:19","modified_gmt":"2025-01-10T00:38:19","slug":"turistas-brasileros-destacan-el-camping-de-santa-elena-como-el-mejor-de-la-costa-del-parana","status":"publish","type":"post","link":"https:\/\/partediario.com.ar\/?p=10702","title":{"rendered":"Turistas brasileros destacan el camping de Santa Elena como el mejor de la costa del Paran\u00e1"},"content":{"rendered":"\n<h3 class=\"wp-block-heading\">En el marco de un encuentro tur\u00edstico internacional que se llevar\u00e1 a cabo en Belo Horizonte, Brasil, un grupo de turistas que recorri\u00f3 distintos campings de Entre R\u00edos ha colocado al camping de Santa Elena en lo m\u00e1s alto de la lista de destinos de la costa del r\u00edo Paran\u00e1.<\/h3>\n\n\n\n<p>Los visitantes, provenientes de distintas partes de Argentina y pa\u00edses vecinos, ponderaron la calidad de los servicios y la limpieza del lugar, aspectos que, seg\u00fan su evaluaci\u00f3n, superan ampliamente a los de otras ciudades costeras de la provincia.<\/p>\n\n\n\n<p><\/p>\n\n\n\n<figure class=\"wp-block-image size-full\"><img loading=\"lazy\" decoding=\"async\" width=\"960\" height=\"960\" src=\"https:\/\/partediario.com.ar\/wp-content\/uploads\/87732c6b-4858-4bb2-852e-f66c0ec0b5e0.jpeg\" alt=\"\" class=\"wp-image-10703\" srcset=\"https:\/\/partediario.com.ar\/wp-content\/uploads\/87732c6b-4858-4bb2-852e-f66c0ec0b5e0.jpeg 960w, https:\/\/partediario.com.ar\/wp-content\/uploads\/87732c6b-4858-4bb2-852e-f66c0ec0b5e0-300x300.jpeg 300w, https:\/\/partediario.com.ar\/wp-content\/uploads\/87732c6b-4858-4bb2-852e-f66c0ec0b5e0-150x150.jpeg 150w, https:\/\/partediario.com.ar\/wp-content\/uploads\/87732c6b-4858-4bb2-852e-f66c0ec0b5e0-768x768.jpeg 768w\" sizes=\"auto, (max-width: 960px) 100vw, 960px\" \/><\/figure>\n\n\n\n<p><\/p>\n\n\n\n<figure class=\"wp-block-image size-large\"><img loading=\"lazy\" decoding=\"async\" width=\"1024\" height=\"768\" src=\"https:\/\/partediario.com.ar\/wp-content\/uploads\/0a2772c0-c093-4cdb-8523-16e60f1ddbe2-1024x768.jpeg\" alt=\"\" class=\"wp-image-10704\" srcset=\"https:\/\/partediario.com.ar\/wp-content\/uploads\/0a2772c0-c093-4cdb-8523-16e60f1ddbe2-1024x768.jpeg 1024w, https:\/\/partediario.com.ar\/wp-content\/uploads\/0a2772c0-c093-4cdb-8523-16e60f1ddbe2-300x225.jpeg 300w, https:\/\/partediario.com.ar\/wp-content\/uploads\/0a2772c0-c093-4cdb-8523-16e60f1ddbe2-768x576.jpeg 768w, https:\/\/partediario.com.ar\/wp-content\/uploads\/0a2772c0-c093-4cdb-8523-16e60f1ddbe2.jpeg 1280w\" sizes=\"auto, (max-width: 1024px) 100vw, 1024px\" \/><\/figure>\n\n\n\n<p><\/p>\n\n\n\n<figure class=\"wp-block-image size-full\"><img loading=\"lazy\" decoding=\"async\" width=\"720\" height=\"720\" src=\"https:\/\/partediario.com.ar\/wp-content\/uploads\/a43d6472-0f0b-46f5-b576-8ed81a9fb5f1.jpeg\" alt=\"\" class=\"wp-image-10705\" srcset=\"https:\/\/partediario.com.ar\/wp-content\/uploads\/a43d6472-0f0b-46f5-b576-8ed81a9fb5f1.jpeg 720w, https:\/\/partediario.com.ar\/wp-content\/uploads\/a43d6472-0f0b-46f5-b576-8ed81a9fb5f1-300x300.jpeg 300w, https:\/\/partediario.com.ar\/wp-content\/uploads\/a43d6472-0f0b-46f5-b576-8ed81a9fb5f1-150x150.jpeg 150w\" sizes=\"auto, (max-width: 720px) 100vw, 720px\" \/><\/figure>\n\n\n\n<p><\/p>\n\n\n\n<figure class=\"wp-block-image size-large\"><img loading=\"lazy\" decoding=\"async\" width=\"1024\" height=\"768\" src=\"https:\/\/partediario.com.ar\/wp-content\/uploads\/ab261d75-cc95-4861-9798-f3a591dd842f-1024x768.jpeg\" alt=\"\" class=\"wp-image-10707\" srcset=\"https:\/\/partediario.com.ar\/wp-content\/uploads\/ab261d75-cc95-4861-9798-f3a591dd842f-1024x768.jpeg 1024w, https:\/\/partediario.com.ar\/wp-content\/uploads\/ab261d75-cc95-4861-9798-f3a591dd842f-300x225.jpeg 300w, https:\/\/partediario.com.ar\/wp-content\/uploads\/ab261d75-cc95-4861-9798-f3a591dd842f-768x576.jpeg 768w, https:\/\/partediario.com.ar\/wp-content\/uploads\/ab261d75-cc95-4861-9798-f3a591dd842f.jpeg 1280w\" sizes=\"auto, (max-width: 1024px) 100vw, 1024px\" \/><\/figure>\n\n\n\n<p><\/p>\n\n\n\n<p>Santa Elena se ha consolidado como un destino destacado gracias a una gesti\u00f3n municipal que prioriza el turismo como motor de desarrollo local. Los visitantes remarcaron el mantenimiento impecable de las instalaciones, la calidad de los espacios verdes y la hospitalidad de los empleados. Adem\u00e1s, el camping ofrece una variedad de servicios que incluyen \u00e1reas para acampar, parrillas, sanitarios modernos y actividades recreativas, lo que lo convierte en un punto de referencia en la regi\u00f3n.<\/p>\n\n\n\n<p>Por el contrario, el informe realizado por estos turistas fue muy cr\u00edtico respecto al estado general de otros campings y playas del Paran\u00e1. Subrayaron la falta de mantenimiento, los problemas de limpieza y la ausencia de inversiones p\u00fablicas que limiten el potencial de la regi\u00f3n como destino tur\u00edstico. Esta situaci\u00f3n pone de manifiesto la desigualdad en la gesti\u00f3n de los recursos y la necesidad de pol\u00edticas m\u00e1s activas para revitalizar los espacios p\u00fablicos destinados al turismo en la provincia.<\/p>\n\n\n\n<p>El camping de Santa Elena no solo se posiciona como un ejemplo de buenas pr\u00e1cticas, sino que adem\u00e1s representa un modelo de c\u00f3mo una gesti\u00f3n comprometida puede transformar un recurso natural en un atractivo tur\u00edstico de nivel internacional. A medida que los ojos del sector tur\u00edstico se posan en Entre R\u00edos en el marco del encuentro en Belo Horizonte, Santa Elena reafirma su liderazgo como un destino que conjuga naturaleza, servicios de calidad y una experiencia \u00fanica para quienes buscan disfrutar del Paran\u00e1 en todo su esplendor.<\/p>\n","protected":false},"excerpt":{"rendered":"<p>En el marco de un encuentro tur&iacute;stico internacional que se llevar&aacute; a cabo en Belo Horizonte, Brasil, un grupo de turistas que recorri&oacute; distintos campings de Entre R&iacute;os ha colocado al camping de Santa Elena en lo m&aacute;s alto de la lista de destinos de la costa del r&iacute;o Paran&aacute;. Los visitantes, provenientes de distintas [&hellip;]<\/p>\n","protected":false},"author":2,"featured_media":10708,"comment_status":"open","ping_status":"open","sticky":false,"template":"","format":"standard","meta":{"footnotes":""},"categories":[3272],"tags":[864,2024,3365,207,532],"class_list":["post-10702","post","type-post","status-publish","format-standard","has-post-thumbnail","hentry","category-municipales","tag-brasileros","tag-camping","tag-extranjeros","tag-santa-elena","tag-turistas"],"_links":{"self":[{"href":"https:\/\/partediario.com.ar\/index.php?rest_route=\/wp\/v2\/posts\/10702","targetHints":{"allow":["GET"]}}],"collection":[{"href":"https:\/\/partediario.com.ar\/index.php?rest_route=\/wp\/v2\/posts"}],"about":[{"href":"https:\/\/partediario.com.ar\/index.php?rest_route=\/wp\/v2\/types\/post"}],"author":[{"embeddable":true,"href":"https:\/\/partediario.com.ar\/index.php?rest_route=\/wp\/v2\/users\/2"}],"replies":[{"embeddable":true,"href":"https:\/\/partediario.com.ar\/index.php?rest_route=%2Fwp%2Fv2%2Fcomments&post=10702"}],"version-history":[{"count":1,"href":"https:\/\/partediario.com.ar\/index.php?rest_route=\/wp\/v2\/posts\/10702\/revisions"}],"predecessor-version":[{"id":10709,"href":"https:\/\/partediario.com.ar\/index.php?rest_route=\/wp\/v2\/posts\/10702\/revisions\/10709"}],"wp:featuredmedia":[{"embeddable":true,"href":"https:\/\/partediario.com.ar\/index.php?rest_route=\/wp\/v2\/media\/10708"}],"wp:attachment":[{"href":"https:\/\/partediario.com.ar\/index.php?rest_route=%2Fwp%2Fv2%2Fmedia&parent=10702"}],"wp:term":[{"taxonomy":"category","embeddable":true,"href":"https:\/\/partediario.com.ar\/index.php?rest_route=%2Fwp%2Fv2%2Fcategories&post=10702"},{"taxonomy":"post_tag","embeddable":true,"href":"https:\/\/partediario.com.ar\/index.php?rest_route=%2Fwp%2Fv2%2Ftags&post=10702"}],"curies":[{"name":"wp","href":"https:\/\/api.w.org\/{rel}","templated":true}]}}