{"id":10727,"date":"2025-01-10T18:57:05","date_gmt":"2025-01-10T21:57:05","guid":{"rendered":"https:\/\/partediario.com.ar\/?p=10727"},"modified":"2025-01-11T10:14:54","modified_gmt":"2025-01-11T13:14:54","slug":"preocupacion-por-la-salud-de-cacho-deicas-cantante-de-los-palmeras","status":"publish","type":"post","link":"https:\/\/partediario.com.ar\/?p=10727","title":{"rendered":"Preocupaci\u00f3n por la salud de Cacho Deicas, cantante de Los Palmeras"},"content":{"rendered":"\n<h3 class=\"wp-block-heading\">Cacho Deicas se encuentra internado y el parte m\u00e9dico se\u00f1ala que tiene un d\u00e9ficit neurol\u00f3gico agudo debido a un accidente cerebrovascular isqu\u00e9mico.<\/h3>\n\n\n\n<p>El cantante del grupo Los Palmeras, Rub\u00e9n H\u00e9ctor Deicas, m\u00e1s conocido como Cacho Deicas, ingres\u00f3 ayer al Sanatorio Central Grupo MIT por un d\u00e9ficit neurol\u00f3gico agudo.<\/p>\n\n\n\n<p>Seg\u00fan se dio a conocer en el parte m\u00e9dico que envi\u00f3 la instituci\u00f3n m\u00e9dica de Santa Fe, el artista de 72 a\u00f1os est\u00e1 l\u00facido y \u00abno presenta disfunci\u00f3n de otros sistemas\u00bb.<\/p>\n\n\n\n<p>Tras hacerle diversos an\u00e1lisis, pudieron determinar que sufri\u00f3 un accidente cerebrovascular isqu\u00e9mico, por lo cual se encuentra en terapia intensiva.<\/p>\n\n\n\n<p>El informe que hicieron los m\u00e9dicos destaca que \u00abevoluciona favorablemente\u00bb y que est\u00e1 l\u00facido, estable hemodin\u00e1micamente y acompa\u00f1ado por sus familiares.<\/p>\n\n\n\n<p><\/p>\n","protected":false},"excerpt":{"rendered":"<p>Cacho Deicas se encuentra internado y el parte m&eacute;dico se&ntilde;ala que tiene un d&eacute;ficit neurol&oacute;gico agudo debido a un accidente cerebrovascular isqu&eacute;mico. El cantante del grupo Los Palmeras, Rub&eacute;n H&eacute;ctor Deicas, m&aacute;s conocido como Cacho Deicas, ingres&oacute; ayer al Sanatorio Central Grupo MIT por un d&eacute;ficit neurol&oacute;gico agudo. Seg&uacute;n se dio a conocer en el [&hellip;]<\/p>\n","protected":false},"author":2,"featured_media":10728,"comment_status":"open","ping_status":"open","sticky":false,"template":"","format":"standard","meta":{"footnotes":""},"categories":[4329,5],"tags":[2857,4950,4949,306],"class_list":["post-10727","post","type-post","status-publish","format-standard","has-post-thumbnail","hentry","category-espectaculos","category-nacionales","tag-internado","tag-los-palmeras","tag-ruben-hector-deicas","tag-salud"],"_links":{"self":[{"href":"https:\/\/partediario.com.ar\/index.php?rest_route=\/wp\/v2\/posts\/10727","targetHints":{"allow":["GET"]}}],"collection":[{"href":"https:\/\/partediario.com.ar\/index.php?rest_route=\/wp\/v2\/posts"}],"about":[{"href":"https:\/\/partediario.com.ar\/index.php?rest_route=\/wp\/v2\/types\/post"}],"author":[{"embeddable":true,"href":"https:\/\/partediario.com.ar\/index.php?rest_route=\/wp\/v2\/users\/2"}],"replies":[{"embeddable":true,"href":"https:\/\/partediario.com.ar\/index.php?rest_route=%2Fwp%2Fv2%2Fcomments&post=10727"}],"version-history":[{"count":1,"href":"https:\/\/partediario.com.ar\/index.php?rest_route=\/wp\/v2\/posts\/10727\/revisions"}],"predecessor-version":[{"id":10729,"href":"https:\/\/partediario.com.ar\/index.php?rest_route=\/wp\/v2\/posts\/10727\/revisions\/10729"}],"wp:featuredmedia":[{"embeddable":true,"href":"https:\/\/partediario.com.ar\/index.php?rest_route=\/wp\/v2\/media\/10728"}],"wp:attachment":[{"href":"https:\/\/partediario.com.ar\/index.php?rest_route=%2Fwp%2Fv2%2Fmedia&parent=10727"}],"wp:term":[{"taxonomy":"category","embeddable":true,"href":"https:\/\/partediario.com.ar\/index.php?rest_route=%2Fwp%2Fv2%2Fcategories&post=10727"},{"taxonomy":"post_tag","embeddable":true,"href":"https:\/\/partediario.com.ar\/index.php?rest_route=%2Fwp%2Fv2%2Ftags&post=10727"}],"curies":[{"name":"wp","href":"https:\/\/api.w.org\/{rel}","templated":true}]}}