{"id":10753,"date":"2025-01-12T19:06:55","date_gmt":"2025-01-12T22:06:55","guid":{"rendered":"https:\/\/partediario.com.ar\/?p=10753"},"modified":"2025-01-13T09:39:41","modified_gmt":"2025-01-13T12:39:41","slug":"el-gobierno-dijo-que-es-un-error-enviar-al-seleccionado-sub-20-a-venezuela","status":"publish","type":"post","link":"https:\/\/partediario.com.ar\/?p=10753","title":{"rendered":"El gobierno dijo que es un \u00aberror\u00bb enviar al seleccionado Sub-20 a Venezuela"},"content":{"rendered":"\n<h3 class=\"wp-block-heading\">El jefe de Gabinete, Guillermo Francos, cuestion\u00f3 a la Asociaci\u00f3n del F\u00fatbol Argentino (AFA) por enviar a la Selecci\u00f3n Sub-20 a Venezuela al campeonato que se disputar\u00e1 en Venezuela.<\/h3>\n\n\n\n<p>\u00abCreemos que es un error que la AFA env\u00ede el seleccionado argentino a jugar a Venezuela\u00bb, destac\u00f3 el jefe de ministros.<\/p>\n\n\n\n<p>En declaraciones radiales se\u00f1al\u00f3 que \u00abno se puede confiar\u00bb en el presidente bolivariano, Nicol\u00e1s Maduro.<\/p>\n\n\n\n<p>\u00abEn Maduro no se puede confiar. No podemos confiar en que no ocurra cualquier cosa\u00bb, expres\u00f3 Francos.<\/p>\n\n\n\n<p>Y a\u00f1adi\u00f3: \u00abCreo que es un error. El Gobierno intent\u00f3 que no se realice. Por ah\u00ed no pasa nada, pero es una responsabilidad del Gobierno si sucede\u00bb.<\/p>\n","protected":false},"excerpt":{"rendered":"<p>El jefe de Gabinete, Guillermo Francos, cuestion&oacute; a la Asociaci&oacute;n del F&uacute;tbol Argentino (AFA) por enviar a la Selecci&oacute;n Sub-20 a Venezuela al campeonato que se disputar&aacute; en Venezuela. &laquo;Creemos que es un error que la AFA env&iacute;e el seleccionado argentino a jugar a Venezuela&raquo;, destac&oacute; el jefe de ministros. En declaraciones radiales se&ntilde;al&oacute; que [&hellip;]<\/p>\n","protected":false},"author":2,"featured_media":10754,"comment_status":"open","ping_status":"open","sticky":false,"template":"","format":"standard","meta":{"footnotes":""},"categories":[4,5,176],"tags":[3707,329,1564,4968,4969,1339],"class_list":["post-10753","post","type-post","status-publish","format-standard","has-post-thumbnail","hentry","category-deportes","category-nacionales","category-politica","tag-error","tag-guillermo-francos","tag-nicolas-maduro","tag-sleccionado","tag-sub-20","tag-venezuela"],"_links":{"self":[{"href":"https:\/\/partediario.com.ar\/index.php?rest_route=\/wp\/v2\/posts\/10753","targetHints":{"allow":["GET"]}}],"collection":[{"href":"https:\/\/partediario.com.ar\/index.php?rest_route=\/wp\/v2\/posts"}],"about":[{"href":"https:\/\/partediario.com.ar\/index.php?rest_route=\/wp\/v2\/types\/post"}],"author":[{"embeddable":true,"href":"https:\/\/partediario.com.ar\/index.php?rest_route=\/wp\/v2\/users\/2"}],"replies":[{"embeddable":true,"href":"https:\/\/partediario.com.ar\/index.php?rest_route=%2Fwp%2Fv2%2Fcomments&post=10753"}],"version-history":[{"count":1,"href":"https:\/\/partediario.com.ar\/index.php?rest_route=\/wp\/v2\/posts\/10753\/revisions"}],"predecessor-version":[{"id":10755,"href":"https:\/\/partediario.com.ar\/index.php?rest_route=\/wp\/v2\/posts\/10753\/revisions\/10755"}],"wp:featuredmedia":[{"embeddable":true,"href":"https:\/\/partediario.com.ar\/index.php?rest_route=\/wp\/v2\/media\/10754"}],"wp:attachment":[{"href":"https:\/\/partediario.com.ar\/index.php?rest_route=%2Fwp%2Fv2%2Fmedia&parent=10753"}],"wp:term":[{"taxonomy":"category","embeddable":true,"href":"https:\/\/partediario.com.ar\/index.php?rest_route=%2Fwp%2Fv2%2Fcategories&post=10753"},{"taxonomy":"post_tag","embeddable":true,"href":"https:\/\/partediario.com.ar\/index.php?rest_route=%2Fwp%2Fv2%2Ftags&post=10753"}],"curies":[{"name":"wp","href":"https:\/\/api.w.org\/{rel}","templated":true}]}}