{"id":10759,"date":"2025-01-12T19:17:19","date_gmt":"2025-01-12T22:17:19","guid":{"rendered":"https:\/\/partediario.com.ar\/?p=10759"},"modified":"2025-01-13T09:39:33","modified_gmt":"2025-01-13T12:39:33","slug":"el-camarista-federal-slokar-critico-al-ministro-cuneo-libarona-sus-dichos-merecen-el-mas-energico-repudio","status":"publish","type":"post","link":"https:\/\/partediario.com.ar\/?p=10759","title":{"rendered":"El camarista federal Slokar critic\u00f3 al ministro C\u00faneo Libarona: \u00abSus dichos merecen el m\u00e1s en\u00e9rgico repudio\u00bb"},"content":{"rendered":"\n<h3 class=\"wp-block-heading\">Alejandro Slokar cuestion\u00f3 las recientes declaraciones del ministro de Justicia, Mariano C\u00faneo Libarona, quien denost\u00f3 la labor de las Madres de Plaza de Mayo, en particular su apoyo al presidente de Venezuela, Nicol\u00e1s Maduro.<\/h3>\n\n\n\n<p>En una serie de publicaciones en redes sociales, C\u00faneo Libarona expres\u00f3: \u00abQu\u00e9 raro otra vez las Madres de Plaza de Mayo defendiendo a un sanguinario socialista y corrupto como Maduro. Cuando se trata de un dictador de izquierda que persigue, tortura y hambrea a su pueblo, miran para otro lado\u00bb. Y a\u00f1adi\u00f3: \u00abYa les cerramos todo el financiamiento a las Madres y Abuelas de Plaza de Mayo desde el Ministerio de Justicia. No les dejamos ni un solo kiosco a los que curran con los Derechos Humanos\u00bb.<\/p>\n\n\n\n<p><\/p>\n\n\n\n<blockquote class=\"twitter-tweet\"><p lang=\"es\" dir=\"ltr\">Ya les cerramos todo el financiamiento a las Madres y Abuelas de Plaza de Mayo desde el Ministerio de Justicia. No les dejamos ni un solo kiosco a los que curran con los Derechos Humanos. <a href=\"https:\/\/t.co\/Eqr17ksU3f\">https:\/\/t.co\/Eqr17ksU3f<\/a><\/p>&mdash; Mariano C\u00faneo Libarona (@m_cuneolibarona) <a href=\"https:\/\/twitter.com\/m_cuneolibarona\/status\/1877803067392786692?ref_src=twsrc%5Etfw\">January 10, 2025<\/a><\/blockquote> <script async src=\"https:\/\/platform.twitter.com\/widgets.js\" charset=\"utf-8\"><\/script>\n\n\n\n<p><\/p>\n\n\n\n<p>Ante estos comentarios, Slokar, en su rol como director del Observatorio \u00abMemoria y Justicia\u00bb de la Universidad Nacional de La Plata (UNLP), emiti\u00f3 un comunicado en el que calific\u00f3 las afirmaciones del funcionario como una descalificaci\u00f3n a la tarea hist\u00f3rica de las Madres y Abuelas. \u00abEstas organizaciones son el n\u00facleo constitutivo de la naci\u00f3n democr\u00e1tica y un emblema universal en favor de la vigencia irrestricta de los Derechos Humanos\u00bb, asegur\u00f3 el camarista.<\/p>\n\n\n\n<p>Slokar a\u00f1adi\u00f3 que: \u00abLas palabras del ministro no solo agraden a una parte esencial de la memoria hist\u00f3rica del pa\u00eds, sino que tambi\u00e9n buscan desacreditar la lucha por los derechos humanos que nos define como sociedad. Estas afirmaciones deben ser merecedoras del m\u00e1s en\u00e9rgico repudio y un llamado a la reflexi\u00f3n de toda la comunidad jur\u00eddica y cient\u00edfica\u00bb.<\/p>\n\n\n\n<p>El cruce se gener\u00f3 luego de un comunicado emitido por las Madres de Plaza de Mayo, quienes enviaron un saludo al pueblo y al gobierno de Venezuela, respaldando la gesti\u00f3n de Nicol\u00e1s Maduro. Esto gener\u00f3 una ola de cr\u00edticas en redes sociales, entre ellas la de C\u00faneo Libarona, quien se\u00f1al\u00f3 que el apoyo de las Madres demuestra una doble vara respecto a los derechos humanos en el contexto latinoamericano.<\/p>\n","protected":false},"excerpt":{"rendered":"<p>Alejandro Slokar cuestion&oacute; las recientes declaraciones del ministro de Justicia, Mariano C&uacute;neo Libarona, quien denost&oacute; la labor de las Madres de Plaza de Mayo, en particular su apoyo al presidente de Venezuela, Nicol&aacute;s Maduro. En una serie de publicaciones en redes sociales, C&uacute;neo Libarona expres&oacute;: &laquo;Qu&eacute; raro otra vez las Madres de Plaza de Mayo [&hellip;]<\/p>\n","protected":false},"author":2,"featured_media":10761,"comment_status":"open","ping_status":"open","sticky":false,"template":"","format":"standard","meta":{"footnotes":""},"categories":[5,176],"tags":[1430,2309,1270,1564],"class_list":["post-10759","post","type-post","status-publish","format-standard","has-post-thumbnail","hentry","category-nacionales","category-politica","tag-alejandro-slokar","tag-madres-de-plaza-de-mayo","tag-mariano-cuneo-libarona","tag-nicolas-maduro"],"_links":{"self":[{"href":"https:\/\/partediario.com.ar\/index.php?rest_route=\/wp\/v2\/posts\/10759","targetHints":{"allow":["GET"]}}],"collection":[{"href":"https:\/\/partediario.com.ar\/index.php?rest_route=\/wp\/v2\/posts"}],"about":[{"href":"https:\/\/partediario.com.ar\/index.php?rest_route=\/wp\/v2\/types\/post"}],"author":[{"embeddable":true,"href":"https:\/\/partediario.com.ar\/index.php?rest_route=\/wp\/v2\/users\/2"}],"replies":[{"embeddable":true,"href":"https:\/\/partediario.com.ar\/index.php?rest_route=%2Fwp%2Fv2%2Fcomments&post=10759"}],"version-history":[{"count":1,"href":"https:\/\/partediario.com.ar\/index.php?rest_route=\/wp\/v2\/posts\/10759\/revisions"}],"predecessor-version":[{"id":10762,"href":"https:\/\/partediario.com.ar\/index.php?rest_route=\/wp\/v2\/posts\/10759\/revisions\/10762"}],"wp:featuredmedia":[{"embeddable":true,"href":"https:\/\/partediario.com.ar\/index.php?rest_route=\/wp\/v2\/media\/10761"}],"wp:attachment":[{"href":"https:\/\/partediario.com.ar\/index.php?rest_route=%2Fwp%2Fv2%2Fmedia&parent=10759"}],"wp:term":[{"taxonomy":"category","embeddable":true,"href":"https:\/\/partediario.com.ar\/index.php?rest_route=%2Fwp%2Fv2%2Fcategories&post=10759"},{"taxonomy":"post_tag","embeddable":true,"href":"https:\/\/partediario.com.ar\/index.php?rest_route=%2Fwp%2Fv2%2Ftags&post=10759"}],"curies":[{"name":"wp","href":"https:\/\/api.w.org\/{rel}","templated":true}]}}