{"id":10787,"date":"2025-01-13T09:25:54","date_gmt":"2025-01-13T12:25:54","guid":{"rendered":"https:\/\/partediario.com.ar\/?p=10787"},"modified":"2025-01-15T19:14:22","modified_gmt":"2025-01-15T22:14:22","slug":"el-gobierno-oficializa-la-citacion-a-sesiones-extraordinarias-para-debatir-la-eliminacion-de-las-paso","status":"publish","type":"post","link":"https:\/\/partediario.com.ar\/?p=10787","title":{"rendered":"El Gobierno oficializa la citaci\u00f3n a sesiones extraordinarias para debatir la eliminaci\u00f3n de las Paso"},"content":{"rendered":"\n<h3 class=\"wp-block-heading\">El Gobierno oficializo en el d\u00eda de la fecha la citaci\u00f3n a sesiones extraordinarias entre el 20 de enero y el 21 de febrero para debatir la eliminaci\u00f3n de las elecciones primarias Paso, los pliegos a la Corte Suprema, y un paquete de proyectos de seguridad.<\/h3>\n\n\n\n<p>La decisi\u00f3n dada a conocer a trav\u00e9s del DNU 23\/2025 que firmaron el presidente Javier Milei y el jefe de Gabinete Guillermo Francos.<\/p>\n\n\n\n<p>Uno de los principales temas que el Gobierno quiere abordar es la eliminaci\u00f3n de las PASO que se deben realizar en agosto para definir los candidatos que presentar\u00e1n los partidos pol\u00edticos en los comicios de octubre para renovar 127 bancas de diputados y 24 del Senado.<\/p>\n\n\n\n<p>Para lograrlo el oficialismo debe alcanzar acuerdos con los bloques opositores y por el cual esta semana Francos avanzar\u00e1 con conversaciones, en primera instancia, con los bloques aliados del PRO y la UCR.<\/p>\n\n\n\n<p>La sanci\u00f3n del proyecto de reforma electoral requiere una mayor\u00eda agravada de 129 votos en la C\u00e1mara de Diputados y 37 en el Senado, con lo cual necesita el respaldo de las bancadas de bloques aliados y de al menos un sector de Uni\u00f3n por la Patria.<\/p>\n\n\n\n<p>Adem\u00e1s quiere que se aprueben los pliegos a la Corte Suprema de Ariel Lijo y Manuel Garcia Mansilla.<\/p>\n\n\n\n<p>El temario se completa con los proyectos del Paquete de Seguridad de Ley antimafias, una reforma del C\u00f3digo Procesal Penal para implementar el Juicio en Ausencia que se podr\u00eda aplicar para los acusados iran\u00edes y libaneses del atentado terrorista a la sede de la AMIA, y sobre el r\u00e9gimen de Reiterancia y unificaci\u00f3n de condenas.<\/p>\n\n\n\n<p>Se incluye adem\u00e1s un nuevo proyecto de Ficha Limpia para evitar que puedan ser candidatos electivos los dirigentes condenadas en segunda instancia por casos de corrupci\u00f3n que deber\u00e1 ser enviado por el Poder Ejecutivo, y con otra iniciativa de Compensaci\u00f3n e \u00cdndice de Actualizaci\u00f3n de Quebrantos que deber\u00e1 ser enviado por el Gobierno Nacional.<\/p>\n","protected":false},"excerpt":{"rendered":"<p>El Gobierno oficializo en el d&iacute;a de la fecha la citaci&oacute;n a sesiones extraordinarias entre el 20 de enero y el 21 de febrero para debatir la eliminaci&oacute;n de las elecciones primarias Paso, los pliegos a la Corte Suprema, y un paquete de proyectos de seguridad. La decisi&oacute;n dada a conocer a trav&eacute;s del DNU [&hellip;]<\/p>\n","protected":false},"author":2,"featured_media":10788,"comment_status":"open","ping_status":"open","sticky":false,"template":"","format":"standard","meta":{"footnotes":""},"categories":[5,176],"tags":[4095,1171,224,4974,1294,4099],"class_list":["post-10787","post","type-post","status-publish","format-standard","has-post-thumbnail","hentry","category-nacionales","category-politica","tag-citacion","tag-eliminacion","tag-gobierno","tag-oficializa","tag-paso","tag-sesiones"],"_links":{"self":[{"href":"https:\/\/partediario.com.ar\/index.php?rest_route=\/wp\/v2\/posts\/10787","targetHints":{"allow":["GET"]}}],"collection":[{"href":"https:\/\/partediario.com.ar\/index.php?rest_route=\/wp\/v2\/posts"}],"about":[{"href":"https:\/\/partediario.com.ar\/index.php?rest_route=\/wp\/v2\/types\/post"}],"author":[{"embeddable":true,"href":"https:\/\/partediario.com.ar\/index.php?rest_route=\/wp\/v2\/users\/2"}],"replies":[{"embeddable":true,"href":"https:\/\/partediario.com.ar\/index.php?rest_route=%2Fwp%2Fv2%2Fcomments&post=10787"}],"version-history":[{"count":1,"href":"https:\/\/partediario.com.ar\/index.php?rest_route=\/wp\/v2\/posts\/10787\/revisions"}],"predecessor-version":[{"id":10789,"href":"https:\/\/partediario.com.ar\/index.php?rest_route=\/wp\/v2\/posts\/10787\/revisions\/10789"}],"wp:featuredmedia":[{"embeddable":true,"href":"https:\/\/partediario.com.ar\/index.php?rest_route=\/wp\/v2\/media\/10788"}],"wp:attachment":[{"href":"https:\/\/partediario.com.ar\/index.php?rest_route=%2Fwp%2Fv2%2Fmedia&parent=10787"}],"wp:term":[{"taxonomy":"category","embeddable":true,"href":"https:\/\/partediario.com.ar\/index.php?rest_route=%2Fwp%2Fv2%2Fcategories&post=10787"},{"taxonomy":"post_tag","embeddable":true,"href":"https:\/\/partediario.com.ar\/index.php?rest_route=%2Fwp%2Fv2%2Ftags&post=10787"}],"curies":[{"name":"wp","href":"https:\/\/api.w.org\/{rel}","templated":true}]}}