{"id":10793,"date":"2025-01-13T09:38:31","date_gmt":"2025-01-13T12:38:31","guid":{"rendered":"https:\/\/partediario.com.ar\/?p=10793"},"modified":"2025-01-15T19:14:06","modified_gmt":"2025-01-15T22:14:06","slug":"dia-mundial-de-la-lucha-contra-la-depresion-las-senales-de-alerta","status":"publish","type":"post","link":"https:\/\/partediario.com.ar\/?p=10793","title":{"rendered":"D\u00eda Mundial de la lucha contra la depresi\u00f3n: las se\u00f1ales de alerta"},"content":{"rendered":"\n<h3 class=\"wp-block-heading\">Cada 13 de enero se conmemora el D\u00eda Mundial de la lucha contra la depresi\u00f3n, una fecha clave para visibilizar este trastorno mental que afecta aproximadamente a 300 millones de personas alrededor del mundo, de acuerdo a cifras de la Organizaci\u00f3n Mundial de la Salud.<\/h3>\n\n\n\n<p>La depresi\u00f3n, si no es tratada a tiempo, puede tener un impacto devastador en la calidad de vida y las relaciones interpersonales de los afectados. Reconocer los s\u00edntomas a tiempo y buscar ayuda profesional son pasos fundamentales para enfrentar este problema. Los factores de riesgo que contribuyen al desarrollo de la depresi\u00f3n son diversos y complejos. Entre ellos destacan las situaciones traum\u00e1ticas, como el maltrato f\u00edsico o psicol\u00f3gico, el abuso sexual y la p\u00e9rdida de seres queridos.<\/p>\n\n\n\n<p>Adem\u00e1s influyen los antecedentes familiares de trastornos del estado de \u00e1nimo, el consumo de sustancias t\u00f3xicas como el alcohol, y las comorbilidades con otros trastornos mentales. Tambi\u00e9n las condiciones sociales adversas, como la falta de recursos econ\u00f3micos y redes de apoyo, incrementan significativamente la vulnerabilidad ante esta enfermedad.<\/p>\n\n\n\n<p>\u201cEl diagn\u00f3stico precoz es un elemento esencial para abordar la depresi\u00f3n de manera efectiva. Detectarla en sus primeras etapas permite evitar que se convierta en un problema cr\u00f3nico o recurrente, impactando negativamente la vida cotidiana\u00bb, indic\u00f3 la Licenciada Liliana Acu\u00f1a, psic\u00f3loga de Boreal Salud (M.P. 4.379).<\/p>\n\n\n\n<p>Y a\u00f1adi\u00f3: \u201cSi se identifica a tiempo, es posible implementar estrategias terap\u00e9uticas que restauren el bienestar emocional y mejoren la capacidad de la persona para desenvolverse en sus actividades diarias. La atenci\u00f3n oportuna es clave para reducir el sufrimiento y las complicaciones asociadas\u201d.<\/p>\n\n\n\n<p><strong>Las 5 se\u00f1ales principales de alerta de la depresi\u00f3n son:<\/strong><\/p>\n\n\n\n<ul class=\"wp-block-list\">\n<li>Estado de \u00e1nimo depresivo la mayor parte del tiempo, casi cada d\u00eda. En los ni\u00f1os y adolescentes el estado de \u00e1nimo puede ser irritable.<\/li>\n\n\n\n<li>P\u00e9rdida de inter\u00e9s o placer en actividades habituales.<\/li>\n\n\n\n<li>Cambios significativos en peso, apetito o patrones de sue\u00f1o como insomnio o hipersomnia.<\/li>\n\n\n\n<li>Sentimientos de inutilidad, culpa excesiva o dificultad para concentrarse.<\/li>\n\n\n\n<li>Pensamientos recurrentes de muerte o ideaci\u00f3n suicida.<\/li>\n<\/ul>\n\n\n\n<p><strong>Prevenci\u00f3n y tratamiento<\/strong><\/p>\n\n\n\n<p>Para prevenir la depresi\u00f3n, se recomienda adoptar medidas como mantener rutinas diarias saludables, practicar actividad f\u00edsica, manifestar las emociones con seres cercanos y fomentar el apoyo social.<\/p>\n\n\n\n<p>Tambi\u00e9n, evitar el consumo de alcohol y drogas, regular el estr\u00e9s y cuidar la alimentaci\u00f3n tambi\u00e9n son acciones clave. Adem\u00e1s, establecer rutinas diarias y marcarse objetivos realistas, conectar con la naturaleza o con pr\u00e1cticas espirituales y cuidar la autoestima y la autoconfianza, pueden fortalecer la resiliencia emocional, reduciendo el riesgo de desarrollar esta enfermedad.<\/p>\n\n\n\n<p>\u201cEl tratamiento de la depresi\u00f3n se adapta a la severidad del caso y las necesidades de la persona. En casos leves, la psicoterapia de orientaci\u00f3n cognitivo-conductual, gest\u00e1ltica o psicoanal\u00edtica suele ser suficiente. Sin embargo, en cuadros moderados o graves, se combinan terapias psicol\u00f3gicas con intervenci\u00f3n psiqui\u00e1trica, incluyendo medicaci\u00f3n y, en casos extremos, hospitalizaci\u00f3n. El objetivo es lograr la remisi\u00f3n de los s\u00edntomas y la recuperaci\u00f3n del funcionamiento integral del individuo en todos sus \u00e1mbitos\u201d, acot\u00f3 la especialista.<\/p>\n\n\n\n<p>Garantizar el acceso a servicios de salud mental de calidad es esencial para combatir la depresi\u00f3n de manera efectiva. Esto requiere programas integrales que incluyan prevenci\u00f3n, diagn\u00f3stico precoz, tratamiento oportuno y rehabilitaci\u00f3n. Un enfoque interdisciplinario y transdisciplinario permite abordar al ser humano desde una perspectiva integral, promoviendo su bienestar biopsicosocial. Invertir en salud mental es una prioridad para mejorar la calidad de vida de las personas y construir sociedades m\u00e1s saludables y resilientes.<\/p>\n","protected":false},"excerpt":{"rendered":"<p>Cada 13 de enero se conmemora el D&iacute;a Mundial de la lucha contra la depresi&oacute;n, una fecha clave para visibilizar este trastorno mental que afecta aproximadamente a 300 millones de personas alrededor del mundo, de acuerdo a cifras de la Organizaci&oacute;n Mundial de la Salud. La depresi&oacute;n, si no es tratada a tiempo, puede tener [&hellip;]<\/p>\n","protected":false},"author":2,"featured_media":10794,"comment_status":"open","ping_status":"open","sticky":false,"template":"","format":"standard","meta":{"footnotes":""},"categories":[5,726],"tags":[4978,1528],"class_list":["post-10793","post","type-post","status-publish","format-standard","has-post-thumbnail","hentry","category-nacionales","category-sociedad","tag-dia-mundial-de-la-lucha-contra-la-depresion","tag-oms"],"_links":{"self":[{"href":"https:\/\/partediario.com.ar\/index.php?rest_route=\/wp\/v2\/posts\/10793","targetHints":{"allow":["GET"]}}],"collection":[{"href":"https:\/\/partediario.com.ar\/index.php?rest_route=\/wp\/v2\/posts"}],"about":[{"href":"https:\/\/partediario.com.ar\/index.php?rest_route=\/wp\/v2\/types\/post"}],"author":[{"embeddable":true,"href":"https:\/\/partediario.com.ar\/index.php?rest_route=\/wp\/v2\/users\/2"}],"replies":[{"embeddable":true,"href":"https:\/\/partediario.com.ar\/index.php?rest_route=%2Fwp%2Fv2%2Fcomments&post=10793"}],"version-history":[{"count":1,"href":"https:\/\/partediario.com.ar\/index.php?rest_route=\/wp\/v2\/posts\/10793\/revisions"}],"predecessor-version":[{"id":10795,"href":"https:\/\/partediario.com.ar\/index.php?rest_route=\/wp\/v2\/posts\/10793\/revisions\/10795"}],"wp:featuredmedia":[{"embeddable":true,"href":"https:\/\/partediario.com.ar\/index.php?rest_route=\/wp\/v2\/media\/10794"}],"wp:attachment":[{"href":"https:\/\/partediario.com.ar\/index.php?rest_route=%2Fwp%2Fv2%2Fmedia&parent=10793"}],"wp:term":[{"taxonomy":"category","embeddable":true,"href":"https:\/\/partediario.com.ar\/index.php?rest_route=%2Fwp%2Fv2%2Fcategories&post=10793"},{"taxonomy":"post_tag","embeddable":true,"href":"https:\/\/partediario.com.ar\/index.php?rest_route=%2Fwp%2Fv2%2Ftags&post=10793"}],"curies":[{"name":"wp","href":"https:\/\/api.w.org\/{rel}","templated":true}]}}