{"id":10837,"date":"2025-01-14T17:31:17","date_gmt":"2025-01-14T20:31:17","guid":{"rendered":"https:\/\/partediario.com.ar\/?p=10837"},"modified":"2025-01-14T17:31:25","modified_gmt":"2025-01-14T20:31:25","slug":"la-representante-de-colapinto-brindo-detalles-sobre-el-traspaso-del-piloto-argentino-a-alpine","status":"publish","type":"post","link":"https:\/\/partediario.com.ar\/?p=10837","title":{"rendered":"La representante de Colapinto brind\u00f3 detalles sobre el traspaso del piloto argentino a Alpine"},"content":{"rendered":"\n<h2 class=\"wp-block-heading\">Mar\u00eda Catarineu, la representante del piloto Franco Colapinto, brind\u00f3 detalles sobre el traspaso del argentino a la escuder\u00eda Alpine y revel\u00f3 que fue cedido por cinco a\u00f1os.<\/h2>\n\n\n\n<p>En di\u00e1logo con Jorge Magistris para el programa Coraz\u00f3n de F\u00f3rmula 1, Catarineu se\u00f1al\u00f3 que el contrato con Alpine se firm\u00f3 el 24 de diciembre por la tarde y agreg\u00f3: \u201cWilliams cedi\u00f3 a Franco por cinco a\u00f1os a Alpine\u2026 Es una posibilidad que regrese cuando termine su cesi\u00f3n, pero de aqu\u00ed a cinco a\u00f1os puede pasar cualquier cosa\u201d.<\/p>\n\n\n\n<p>No obstante, evit\u00f3 dar detalles sobre el monto por el que se llev\u00f3 a cabo la operaci\u00f3n entre ambas escuder\u00edas.<\/p>\n\n\n\n<p>Catarineu adem\u00e1s hizo referencia a la frustrada llegada de Colapinto a Red Bull, donde pudo haber sido compa\u00f1ero del tetracampe\u00f3n, el neerland\u00e9s Max Verstappen: \u201cChristian (Horner, el jefe de equipo) mostr\u00f3 inter\u00e9s por Franco que pod\u00eda ser por la parte de Red Bull como compa\u00f1ero de Max o por la del segundo equipo (Racing Bulls)\u201d, aunque aclar\u00f3 que \u201clo que pasa es que luego la ruta de Red Bull, por distintas cosas, no pudo ser. No sali\u00f3\u201d.<\/p>\n\n\n\n<p>A su vez, confirm\u00f3 que la visita de Horner a James Vowles (jefe de equipo de Williams) durante el Gran Premio de Brasil \u201cfue para entender cu\u00e1l era la situaci\u00f3n de Franco en Williams\u201d.<\/p>\n\n\n\n<p>Una figura clave para la llegada de Colapinto a Alpine fue el italiano Flavio Briatore, asesor deportivo del equipo franc\u00e9s: \u201c\u00c9l estuvo siempre presente. Fue el primer interesado, m\u00e1s o menos al mismo tiempo que Red Bull\u201d, precis\u00f3 Catarineu.<\/p>\n\n\n\n<p>La llegada de Colapinto a Alpine le abre nuevas posibilidades para volver a la F\u00f3rmula 1 como piloto oficial, ya que tendr\u00e1 m\u00e1s chances de subir que en Williams, equipo que tiene como titulares al tailand\u00e9s Alexander Albon y al espa\u00f1ol Carlos Sainz Jr., ambos con varios a\u00f1os de trayectoria.<\/p>\n\n\n\n<p>El pilarense ser\u00e1 piloto de reserva en su nueva escuder\u00eda, aunque podr\u00eda reemplazar despu\u00e9s de cinco Grandes Premios al australiano Jack Doohan, quien no estar\u00eda ni cerca de ser una debilidad para Briatore, en caso de que no logre los resultados deseados.<\/p>\n","protected":false},"excerpt":{"rendered":"<p>Mar&iacute;a Catarineu, la representante del piloto Franco Colapinto, brind&oacute; detalles sobre el traspaso del argentino a la escuder&iacute;a Alpine y revel&oacute; que fue cedido por cinco a&ntilde;os. En di&aacute;logo con Jorge Magistris para el programa Coraz&oacute;n de F&oacute;rmula 1, Catarineu se&ntilde;al&oacute; que el contrato con Alpine se firm&oacute; el 24 de diciembre por la tarde [&hellip;]<\/p>\n","protected":false},"author":2,"featured_media":10838,"comment_status":"open","ping_status":"open","sticky":false,"template":"","format":"standard","meta":{"footnotes":""},"categories":[4,5],"tags":[4671,4998,2847,4997,4996,4106],"class_list":["post-10837","post","type-post","status-publish","format-standard","has-post-thumbnail","hentry","category-deportes","category-nacionales","tag-alpine","tag-flavio-briatore","tag-franco-colapinto","tag-james-vowles","tag-maria-catarineu","tag-red-bull"],"_links":{"self":[{"href":"https:\/\/partediario.com.ar\/index.php?rest_route=\/wp\/v2\/posts\/10837","targetHints":{"allow":["GET"]}}],"collection":[{"href":"https:\/\/partediario.com.ar\/index.php?rest_route=\/wp\/v2\/posts"}],"about":[{"href":"https:\/\/partediario.com.ar\/index.php?rest_route=\/wp\/v2\/types\/post"}],"author":[{"embeddable":true,"href":"https:\/\/partediario.com.ar\/index.php?rest_route=\/wp\/v2\/users\/2"}],"replies":[{"embeddable":true,"href":"https:\/\/partediario.com.ar\/index.php?rest_route=%2Fwp%2Fv2%2Fcomments&post=10837"}],"version-history":[{"count":1,"href":"https:\/\/partediario.com.ar\/index.php?rest_route=\/wp\/v2\/posts\/10837\/revisions"}],"predecessor-version":[{"id":10839,"href":"https:\/\/partediario.com.ar\/index.php?rest_route=\/wp\/v2\/posts\/10837\/revisions\/10839"}],"wp:featuredmedia":[{"embeddable":true,"href":"https:\/\/partediario.com.ar\/index.php?rest_route=\/wp\/v2\/media\/10838"}],"wp:attachment":[{"href":"https:\/\/partediario.com.ar\/index.php?rest_route=%2Fwp%2Fv2%2Fmedia&parent=10837"}],"wp:term":[{"taxonomy":"category","embeddable":true,"href":"https:\/\/partediario.com.ar\/index.php?rest_route=%2Fwp%2Fv2%2Fcategories&post=10837"},{"taxonomy":"post_tag","embeddable":true,"href":"https:\/\/partediario.com.ar\/index.php?rest_route=%2Fwp%2Fv2%2Ftags&post=10837"}],"curies":[{"name":"wp","href":"https:\/\/api.w.org\/{rel}","templated":true}]}}