{"id":10844,"date":"2025-01-14T19:18:17","date_gmt":"2025-01-14T22:18:17","guid":{"rendered":"https:\/\/partediario.com.ar\/?p=10844"},"modified":"2025-01-16T18:20:44","modified_gmt":"2025-01-16T21:20:44","slug":"la-trama-de-las-muertes-de-bebes-en-el-hospital-neonatal-cordobes","status":"publish","type":"post","link":"https:\/\/partediario.com.ar\/?p=10844","title":{"rendered":"La trama de las muertes de beb\u00e9s en el hospital Neonatal cordob\u00e9s"},"content":{"rendered":"\n<p class=\"has-medium-font-size\"><strong>En C\u00f3rdoba se inici\u00f3 el juicio por la muerte de cinco bebes en un hospital neonatal, ocurridas el 2022. La historia oficial del cordobesismo, replicada por los medios del Grupo Clar\u00edn, se\u00f1ala como asesina a la enfermera Brenda Ag\u00fcero, presa desde hace 28 meses, y como encubridora a la plana mayor del ministerio de Salud de esa \u00e9poca. Nunca se investig\u00f3 la pista de que las muertes se debieran a malas praxis de la Big Pharma, como ya hab\u00eda sucedido\u2026<\/strong><\/p>\n\n\n\n<p><strong>La trama de las muertes de beb\u00e9s en el Neonatal cordob\u00e9s \u00bfuna perejil para encubrir la industria farmac\u00e9utica?<\/strong><\/p>\n\n\n\n<p>Francisco, Benjam\u00edn, Ibrahim, Angeline, Melody. Son los cinco beb\u00e9s que nacieron en el Hospital Materno Neonatal \u2018Ram\u00f3n Carrillo\u2019 de la ciudad de C\u00f3rdoba, entre los meses de marzo y junio de 2022 y fallecieron a las pocas horas de haber sido dados a luz. Las muertes de estos cinco reci\u00e9n nacidos necesitan ser explicadas, para que ellos descansen en paz y sus familias puedan hacer su duelo, conociendo probadamente cu\u00e1les fueron las causales de los decesos.<\/p>\n\n\n\n<p>Desde antes de que ocurrieran estas cinco muertes y otros ocho beb\u00e9s resultaran con alg\u00fan tipo de agresi\u00f3n externa \u2013en total 13 beb\u00e9s presentaron distintos cuadros-, el poder pol\u00edtico cordob\u00e9s estuvo involucrado en su encubrimiento. Una muestra palpable de esta campa\u00f1a de encubrimiento y ocultamiento a la sociedad, es que este juicio donde est\u00e1 sentado parte del poder pol\u00edtico schiarettista, por orden del cordobesismo a trav\u00e9s de sus operadores judiciales se est\u00e1 llevando adelante en enero, en plena feria judicial de verano, y cuando la gente s\u00f3lo piensa en vacaciones.<\/p>\n\n\n\n<p>Por estos 13 casos est\u00e1n siendo juzgados desde el pasado lunes 6 de enero, la enfermera Brenda Ag\u00fcero, integrante del Servicio de Obstetricia del hospital, detenida desde agosto de 2022 en el complejo carcelario \u2018Padre Luchesse\u2019 de Bouwer, acusada del delito de homicidio calificado por procedimiento insidioso reiterado (cinco hechos); adem\u00e1s de otros ocho casos con la misma calificaci\u00f3n legal, pero en grado de tentativa. Junto a la plana mayor y funcionarios del Ministerio de Salud de C\u00f3rdoba de esa \u00e9poca, acusados de diversos delitos: omisi\u00f3n de deberes de funcionario p\u00fablico; encubrimiento doblemente calificado por la gravedad del hecho precedente y por la calidad de funcionario p\u00fablico; y falsedad ideol\u00f3gica reiterada.<\/p>\n\n\n\n<p>Los funcionarios sentados en el banquillo de los acusados son el ex ministro de Salud, Diego Cardozo; Pablo Miguel Carvajal (m\u00e9dico, ex secretario de Salud provincial), Alejandro Gabriel Gauto (abogado, ex jefe del \u00c1rea Legales del Ministerio de Salud); la ex directora del Hospital Materno Neonatal, Liliana As\u00eds; Alejandro Escudero Salama (abogado, ex subdirector de Gesti\u00f3n Administrativa del Ministerio de Salud); Mar\u00eda Alejandra Luj\u00e1n (m\u00e9dica especialista en Pediatr\u00eda y Neonatolog\u00eda, ex coordinadora de la Unidad de Terapia Intensiva del Neonatal); Adriana Luisa Moralez (m\u00e9dica especialista en Neonatolog\u00eda); Claudia Elizabeth Ringhelheim (m\u00e9dica especialista en Obstetricia y Tocoginecolog\u00eda); Marta Elena G\u00f3mez Flores (m\u00e9dica cirujana, con especialidad en Neonatolog\u00eda) y Alicia Beatriz Ariza (enfermera profesional, exjefa de Enfermer\u00eda del Neonatal).<\/p>\n\n\n\n<p>Hacia fines de 2021, tras la ruptura del cordobesismo con el kirchnerismo; y frente al ascenso de Luis Juez; el entonces gobernador Juan Schiaretti dio directivas para que todas las \u00e1reas de Gobierno comenzaran a emprolijar la gesti\u00f3n, desde los Ministerios, hasta las Agencias.<\/p>\n\n\n\n<p>En los hospitales, el ministro de Salud, Diego Cardozo orden\u00f3 que la \u201cintervenci\u00f3n\u201d de los hospitales est\u00e9 a cargo de los nuevos subdirectores, as\u00ed no se notaba el desembarco y como cabeza visible quedaban los directores. En el caso del Hospital Materno Neonatal \u2018Ram\u00f3n Carrillo, la directora Liliana As\u00eds cedi\u00f3 ante \u201cla intervenci\u00f3n\u201d del subdirector de Gesti\u00f3n Administrativa, Alejandro Escudero Salama.<\/p>\n\n\n\n<p>Cardozo, un m\u00e9dico oficial subinspector de la Polic\u00eda cordobesa, manej\u00f3 con pu\u00f1o de hierro el Ministerio y cop\u00f3 \u00e1reas clave con comisarios pol\u00edticos que militaban en La Carrillo, su agrupaci\u00f3n dentro del PJ cordobesista. En Hospital Materno Neonatal \u2018Ram\u00f3n Carrillo\u2019, no fue la excepci\u00f3n.<\/p>\n\n\n\n<p><strong>Pinchazos<\/strong><\/p>\n\n\n\n<p>Fue el subdirector de Gesti\u00f3n Administrativa qui\u00e9n se enter\u00f3 hacia fines de abril de 2022, que algunos reci\u00e9n nacidos hab\u00edan recibido pinchazos, por el testimonio de dos m\u00e9dicas del Servicio de Obstetricia. A ellas les orden\u00f3 redactar un informe dirigido a la directora As\u00eds, con copia a \u00e9l: lo recibi\u00f3 el 10 de mayo. Sin saber c\u00f3mo obrar, por ser abogado y no m\u00e9dico, Escudero Salama consult\u00f3 al fiscal Guillermo Gonz\u00e1lez, con qui\u00e9n hab\u00eda trabajado en el esclarecimiento del transfemicidio de Azul Montoro, ocurrido la madrugada del 18 de octubre de 2017. Los pinchazos detectados fueron en beb\u00e9s que estaban con vida, y que al d\u00eda de hoy son ni\u00f1os que est\u00e1n vivos.<\/p>\n\n\n\n<p>El 16 de mayo de 2022, seis d\u00edas despu\u00e9s de recibir el informe de las m\u00e9dicas advirtiendo de los pinchazos, Escudero Salama a instancias de Gonz\u00e1lez se reuni\u00f3 en el edificio de Tribunales II con el reconocido m\u00e9dico forense David Dib, director del Instituto de Medicina Legal de la Provincia, qui\u00e9n le sugiri\u00f3 que deb\u00eda judicializar esas historias cl\u00ednicas para poder realizar una investigaci\u00f3n cl\u00ednica y as\u00ed determinar la procedencia y naturaleza de los pinchazos.<\/p>\n\n\n\n<p>A esa fecha, ya hab\u00edan fallecido Francisco, el 18 de marzo; y Benjam\u00edn, el 23 de abril; pero Escudero Salama no asoci\u00f3 esos decesos a los casos de beb\u00e9s con pinchazos. Las estad\u00edsticas del \u00e1rea de Maternidad e Infancia del Ministerio de Salud, revelaban que en 2021 murieron 288 reci\u00e9n nacidos en C\u00f3rdoba, de los cu\u00e1les, el 61% se debi\u00f3 a bajo peso: menos de 2,5 kilos al momento de nacer. Mientras que en 2020, la cifra de beb\u00e9s muerto fue de 308.<\/p>\n\n\n\n<p>Francisco hab\u00eda nacido por ces\u00e1rea a las 11:46 del viernes 18 de marzo de 2022. Era el tercer hijo de Ra\u00fal y Vanessa. Fue derivado a la incubadora; unas dos horas despu\u00e9s de haber nacido se descompens\u00f3 y lo llevaron a terapia intensiva, donde muri\u00f3. El caso de Francisco y de las otras cuatro v\u00edctimas fatales est\u00e1n detalladas en Cinco historias de vida (y de muerte).<\/p>\n\n\n\n<p>-Ese viernes 18 de marzo tambi\u00e9n naci\u00f3 Uma, de parto normal. Su mam\u00e1, Natal\u00ed Mart\u00ednez, hab\u00eda tenido un embarazo complicado. Dos horas despu\u00e9s de nacer, Uma se descompens\u00f3, pero se recuper\u00f3 96 horas despu\u00e9s: \u00bfUna asesina serial se arrepiente y decide salvarle la vida a una de sus v\u00edctimas?<\/p>\n\n\n\n<p>-La ma\u00f1ana del 23 de abril del mismo a\u00f1o, Damaris Bustamante dio a luz a Benjam\u00edn. La mujer lo amamant\u00f3 y lo tuvo en brazos poco m\u00e1s de media hora. Muri\u00f3 esa tarde\/noche. Hab\u00eda roto bolsa varias horas antes.<\/p>\n\n\n\n<p>-El 24 de abril a la madrugada naci\u00f3 Franchesca. La beba de Justine Bustamante se descompens\u00f3 a la hora y media de nacer y estuvo en Terapia Intensiva y observaci\u00f3n durante nueve d\u00edas. Pasado ese lapso, le dijeron a Justine que Franchesca estaba bien y que no ten\u00eda secuelas, que se le hab\u00eda pasado el reflujo y el temblequeo.<\/p>\n\n\n\n<p>-El 26 de abril, Magal\u00ed Hermosilla dio a luz a Luna; tambi\u00e9n tuvo problemas y qued\u00f3 en observaci\u00f3n durante ocho d\u00edas. Esta beba fue el primer caso con un pinchazo extra\u00f1o.<\/p>\n\n\n\n<p>-El 25 de abril a las 23, Gabriela Gonz\u00e1lez comenz\u00f3 con contracciones. Ya internada en el Neonatal en la madrugada del 26 de abril, la mujer comenz\u00f3 con trabajo de parto. Isabella naci\u00f3 a las 6.35, con 2,830 kilos. Como las otras doce madres, declar\u00f3 que en el lugar hab\u00eda mucha gente; que le envolvieron a Isabella en una s\u00e1bana y se la apoyaron en el pecho. Y despu\u00e9s la llevaron a higienizar y medir peso y talla. La hija de Gabriela fue el segundo caso de reci\u00e9n nacidos que presentaban pinchazos. Estuvo internada 11 d\u00edas, hasta que le dieron el alta.<\/p>\n\n\n\n<p>Los casos de Franchesca, Luna e Isabella, se suman al de Uma: \u00bfsupervivientes de una asesina arrepentida? Gino, Junior, Melody y Pilar, beb\u00e9s tambi\u00e9n nacidos en el mismo per\u00edodo, con signos de inyecciones y d\u00edas de recuperaci\u00f3n y observaci\u00f3n, \u00bftambi\u00e9n fueron v\u00edctimas de una enfermera arrepentida?<\/p>\n\n\n\n<p><strong>El poder pol\u00edtico<\/strong><\/p>\n\n\n\n<p>La primera muerte sospechosa ocurri\u00f3 el 18 de marzo de 2022. La segunda, el 23 de abril. La tercera el 23 de mayo. En esos dos meses transcurridos, el Ministerio de Salud a cargo del ministro Cardozo no realiz\u00f3 ninguna denuncia penal. Las autoridades reci\u00e9n iniciaron un sumario administrativo el 6 de junio, luego de que ese mismo d\u00eda, la m\u00e9dica Valeria Cagliero decidiera denunciar en la Unidad Judicial 18 de barrio La France, a s\u00f3lo dos cuadras del Hospital Neonatal, la muerte de Angeline Rojas. Horas despu\u00e9s, la madrugada del 7, falleci\u00f3 Melody Molina.<\/p>\n\n\n\n<p>Entre que el forense Dib le sugiri\u00f3 a Escudero Salama que judicializara los casos, y la denuncia de la m\u00e9dica Cagliero pasaron 21 d\u00edas. El poder pol\u00edtico no hizo nada. \u00bfO todo, para encubrir las muertes y buscar un chivo expiatorio?<\/p>\n\n\n\n<p>Dos meses despu\u00e9s del deceso de Melody Molina, el quinto beb\u00e9 muerto en el Hospital Materno Neonatal de C\u00f3rdoba, el jueves 11 de agosto de 2022 los empleados p\u00fablicos de hospitales cordobeses nucleados en la Uni\u00f3n de Trabajadores de la Salud (UTS) realizaron un masivo paro de actividades en reclamo de la discusi\u00f3n de paritarias. Los cortes, piquetes y asambleas eran la noticia de esa ma\u00f1ana, cuando desde el despacho del ministro Diego Cardozo le informaron a Laura Gonz\u00e1lez, conductora de la ma\u00f1ana de Radio Mitre C\u00f3rdoba que se estaban investigando cinco muertes de beb\u00e9s en el Neonatal y que ser\u00edan intencionales.<\/p>\n\n\n\n<p>Ese mediod\u00eda, la secretaria adjunta de la UTS, la enfermera Estela Gim\u00e9nez, que trabaja en el Hospital de Ni\u00f1os, declar\u00f3: \u201cNos llama poderosamente la atenci\u00f3n que justo hoy, en nuestra jornada de lucha, la Justicia informe de estos casos de beb\u00e9s fallecidos en el Neonatal. Nosotros est\u00e1bamos al tanto de una investigaci\u00f3n interna desde junio pasado, cuando le solicitamos informaci\u00f3n a la Direcci\u00f3n del Neonatal, nos respondieron que no pod\u00edan brindar ning\u00fan informe porque estaban en plena investigaci\u00f3n. Estos casos deben ser investigados y se debe llevar tranquilidad a la poblaci\u00f3n, pero nos llama la atenci\u00f3n que justo hoy, la Justicia comunica a los medios lo que ya sab\u00edamos hace dos meses\u201d.<\/p>\n\n\n\n<p>El poder pol\u00edtico cordob\u00e9s estaba al tanto de las muertes, y habr\u00eda buscado minimizar el impacto creando, un chivo expiatorio con la complicidad de un fiscal como Ra\u00fal Garz\u00f3n de llegada al ex gobernador Juan Schiaretti \u2013pretendi\u00f3 y pretende ser designado fiscal General de la Provincia- y del Grupo Clar\u00edn a trav\u00e9s de sus terminales cordobesas La Voz del Interior, Radio Mitre C\u00f3rdoba y El Doce TV.<\/p>\n\n\n\n<p>La construcci\u00f3n medi\u00e1tica y judicial de una asesina serial: Brenda<br>Luego de las cuatro primeras audiencias del juicio que se lleva adelante en la C\u00e1mara S\u00e9ptima del Crimen, Gustavo Nievas, abogado defensor de la enfermera Brenda Ag\u00fcero le asegur\u00f3 a Stripteasedelpoder.com<\/p>\n\n\n\n<p>\u201cEste es un caso muy armado, con la \u00fanica hip\u00f3tesis que le serv\u00eda a ellos en el invierno del 2022, que es cuando explot\u00f3 esto, se puso en marcha lo que yo denomino el protocolo de encubrimiento, que es detectar r\u00e1pidamente cuando una situaci\u00f3n, una noticia puede impactar en mediano o largo plazo contra el Gobierno, y proceden inmediatamente a tirar a los medios de comunicaci\u00f3n una alternativa, y despu\u00e9s se la deriven a un fiscal amigo del poder, y el fiscal acomoda la causa para adentro y para afuera forma y confunde a la opini\u00f3n p\u00fablica, sobre todo para focalizar a la sociedad en la convicci\u00f3n de que esas personas que han detenido son las culpables\u201d.<\/p>\n\n\n\n<p>La clase pol\u00edtica se mont\u00f3 arriba de las cinco muertes de los beb\u00e9s: el cordobesismo, para encubrirlas; y la oposici\u00f3n para parapetarse en un a\u00f1o preelectoral. Incluso, una semana despu\u00e9s de que Cardozo informara las muertes, desembarc\u00f3 en C\u00f3rdoba el ahora ex marido de Pampita y mont\u00f3 un show en plena explanada del Neonatal, falt\u00e1ndole el respeto a las v\u00edctimas.<\/p>\n\n\n\n<p>Desde agosto de 2022, cuando Radio Mitre C\u00f3rdoba a trav\u00e9s de la conductora Laura Gonz\u00e1lez se convirti\u00f3 en vocera de la versi\u00f3n oficial dada por Cardozo; el Grupo Clar\u00edn form\u00f3 parte de esta arquitectura para apuntar los ca\u00f1ones informativos contra Ag\u00fcero. En La Voz del Interior y en El Doce, donde Gonz\u00e1lez tambi\u00e9n le dio amplia cobertura al caso; siempre apunt\u00f3 contra la culpabilidad de la enfermera, instalando en la opini\u00f3n p\u00fablica este pre-juicio, violando el principio b\u00e1sico de que toda persona es inocente hasta que se demuestre lo contrario.<\/p>\n\n\n\n<p>Pero tambi\u00e9n su colega de La Voz del Interior, Ary Garbovetzky form\u00f3 parte de la difusi\u00f3n de una operaci\u00f3n armada por el fiscal Garz\u00f3n contra su colega Guillermo Gonz\u00e1lez. Acus\u00e1ndolo de haber participado de una reuni\u00f3n con el subdirector Escudero Salama y el forense Dib, para encubrir los casos; cuando en realidad lo ocurrido fue absolutamente opuesto: Gonz\u00e1lez y Dib le sugirieron al funcionario del Neonatal judicializar los casos de los beb\u00e9s que presentaron pinchazos para as\u00ed poder investigarlos.<\/p>\n\n\n\n<p>La propia Justicia fall\u00f3 en contra de esta maniobra de Garz\u00f3n: el viernes 31 de mayo de 2024, el fiscal de la C\u00e1mara de Acusaci\u00f3n, Jorge Leiva, archiv\u00f3 la investigaci\u00f3n sobre la reuni\u00f3n entre Gonz\u00e1lez, Dib y Escudero Salama realizada el 16 de mayo de 2022. En septiembre de 2022, Garz\u00f3n y La Voz del Interior montaron esta operaci\u00f3n y la causa por la reuni\u00f3n recay\u00f3 en la fiscal\u00eda de Iv\u00e1n Rodr\u00edguez, quien lleg\u00f3 a la conclusi\u00f3n de la inexistencia de delito en aquel encuentro y pidi\u00f3 el archivo del expediente.<\/p>\n\n\n\n<p>En mayo del a\u00f1o pasado, el fiscal Leiva gir\u00f3 el cierre de la causa al Juez de Control N\u00b0 11, Manuel Ay\u00e1n, para que dicte el auto confirmatorio de desestimaci\u00f3n y archivo de la causa: \u201cCoincido con la opini\u00f3n del Instructor (Iv\u00e1n Rodr\u00edguez) en cuanto a su pedido de desestimaci\u00f3n y archivo de las presentes actuaciones, ya que de la prueba incorporada durante la investigaci\u00f3n penal, no surge que ellos dispusieron de un caudal de informaci\u00f3n m\u00e1s profuso, solo que tuvieron conocimiento en ella, en forma gen\u00e9rica de lo que estaba ocurriendo en el Hospital Neonatal; el hecho analizado no encuadra en figura penal alguna y que por ese motivo se debe solicitar al Juez de Control competente que disponga el archivo definitivo de las actuaciones\u201d.<\/p>\n\n\n\n<p><strong>La opini\u00f3n del defensor de Brenda<\/strong><\/p>\n\n\n\n<p>En su di\u00e1logo con Stripteasedelpoder.com, Nievas advirti\u00f3: \u201choy el poder se desplaz\u00f3, sali\u00f3 del Ministerio P\u00fablico Fiscal, que es un organismo absolutamente verticalista, comandado por el fiscal General, (Juan Manuel) Delgado, nombrado por Schiaretti, y con la posibilidad de dirigir y sancionar y dar directivas a los fiscales de C\u00e1mara, a los fiscales de Instrucci\u00f3n y a todo el cuerpo de m\u00e9dicos, sanitaristas; psic\u00f3logos y psiquiatras que van a opinar, supuestamente independientemente, pero dependen del Ministerio P\u00fablico Fiscal. Hoy el poder est\u00e1 depositado en los ciudadanos, en los jurados populares; lo que van a hacer es extremar la presi\u00f3n medi\u00e1tica y a la vez tratar de impedir que se plantee en el juicio una hip\u00f3tesis distinta a la que tienen ellos. Pero yo soy optimista, creo que hemos elegido, cuando lleg\u00f3 el momento, hemos seleccionado un buen jurado\u201d.<\/p>\n\n\n\n<p><\/p>\n\n\n\n<figure class=\"wp-block-image size-full\"><img loading=\"lazy\" decoding=\"async\" width=\"672\" height=\"378\" src=\"https:\/\/partediario.com.ar\/wp-content\/uploads\/Enfermera-Brenda-Aguero-1.webp\" alt=\"\" class=\"wp-image-10845\" srcset=\"https:\/\/partediario.com.ar\/wp-content\/uploads\/Enfermera-Brenda-Aguero-1.webp 672w, https:\/\/partediario.com.ar\/wp-content\/uploads\/Enfermera-Brenda-Aguero-1-300x169.webp 300w\" sizes=\"auto, (max-width: 672px) 100vw, 672px\" \/><figcaption class=\"wp-element-caption\"><em><strong>Brenda Aguero.<\/strong><\/em><\/figcaption><\/figure>\n\n\n\n<p><\/p>\n\n\n\n<p>El defensor de Brenda Ag\u00fcero destac\u00f3 que durante esta primera semana de juicio \u201cninguno de los funcionarios que declar\u00f3, la se\u00f1al\u00f3 a Brenda, nadie. Es m\u00e1s, dijeron que \u00bfc\u00f3mo pueden los jueces pensar que un grupo conformado por m\u00e9dicos, directores, subdirectores, jefes de \u00e1rea, jefes de enfermer\u00eda y enfermeras pueden ponerse de acuerdo para matar beb\u00e9s en una organizaci\u00f3n? O sea, es una locura lo que ustedes est\u00e1n diciendo y lo que est\u00e1n haciendo. Ustedes no conocen lo que es un hospital. Ustedes no conocen la forma en que nosotros nos ponemos mal cuando una persona, sea un beb\u00e9 o sea una persona mayor, se pone mal. De la forma en que nos alegramos cuando se sana y de la forma en que nos entristecemos cuando alguien muere. O sea, no tienen ni idea de lo que nosotros sentimos por la gente y por la salud de la gente\u201d.<\/p>\n\n\n\n<p>Sobre el testimonio brindado el jueves pasado durante la cuarta audiencia, por Damaris Bustamante -mam\u00e1 de Benjam\u00edn, fallecido el 23 de abril de 2022-, el defensor Nievas explic\u00f3: \u201cEst\u00e1 fuera de discusi\u00f3n su dolor por la muerte de su beb\u00e9 Benjam\u00edn, est\u00e1 absolutamente fuera de discusi\u00f3n su dolor. Pero hay un peque\u00f1o detalle: el beb\u00e9 no muri\u00f3 porque alguien le aplic\u00f3 algo. Benjam\u00edn falleci\u00f3 porque la paciente lleg\u00f3 al Neonatal con su bolsa rota desde hac\u00eda dos d\u00edas, lo dice claramente la autopsia. Entonces ella podr\u00eda haber sufrido toda la violencia obst\u00e9trica que dice haber sufrido, todo lo que dice haber sufrido. No est\u00e1 en discusi\u00f3n eso, ni su dolor padecido. Pero lo que ac\u00e1 se est\u00e1 debatiendo, se est\u00e1 juzgando es otra cosa, es la causa eficiente de la muerte de su hijo desde el punto de vista cient\u00edfico. Su hijo muri\u00f3 por una sepsis generalizada, producto que ella lleg\u00f3 con la bolsa rota desde hac\u00eda dos d\u00edas. El beb\u00e9 no ten\u00eda l\u00edquido amni\u00f3tico y estaba lleno de virus y bacterias, lo que pasa cuando la madre rompe bolsa, es as\u00ed de sencillo\u201d.<\/p>\n\n\n\n<p>Respecto del destrato y la violencia obst\u00e9trica que denunci\u00f3 Damaris Bustamante contra la enfermera Ag\u00fcero, relatado en la audiencia del pasado jueves 9 de enero; Nievas puso en duda la veracidad del testimonio: \u201cEsta testigo en su primera declaraci\u00f3n dijo que no pudo identificar a nadie de los que estaban en la sala de partos. Y ac\u00e1 viene algo que es grave: un d\u00eda, la suben a un auto de la Polic\u00eda, la llevan a la Casa de Gobierno, al Panal, y un funcionario que ella obviamente no puede identificar, le mostr\u00f3 una foto de Brenda Ag\u00fcero. Tal es as\u00ed que el fiscal le dijo, \u201c\u00bfLe mostr\u00f3 una sola foto de Brenda Ag\u00fcero?\u201d; \u00bfPor qu\u00e9?, porque el reconocimiento exige que sea m\u00e1s de una foto; si no es nulo, y aparte es como un acto irreproducible porque tiene impacto en la persona, que no se lo borra m\u00e1s de la cabeza. Y ella respondi\u00f3: \u201cS\u00ed, me mostr\u00f3 una sola foto, me dijeron, \u2018esta es la culpable, esta es Brenda Ag\u00fcero\u2019.<\/p>\n\n\n\n<p>Prosigue el defensor Nievas: \u201cNo, obstante eso, la subieron a un m\u00f3vil y la llevaron a la a la Jefatura de Polic\u00eda, donde declar\u00f3 de las cuatro de la tarde hasta las 12 de la noche. Y en toda esa acta, nunca nombr\u00f3 a mi defendida Brenda Ag\u00fcero. Dijo, s\u00ed, hubo una que era m\u00e1s joven, otra que ten\u00eda una colita como todas las enfermeras, porque la hacen recoger el pelo, que ten\u00eda una colita recogida; y que estaban todos de bata, de barbijo y de cofia. No s\u00e9 c\u00f3mo la pudo reconocer. Al margen de esto, nunca pudo reconocer a Brenda Ag\u00fcero; pero cuando lleg\u00f3 al juicio, obviamente, despu\u00e9s de toda la difusi\u00f3n que tuvo, declar\u00f3 contra ella: Brenda me hizo esto, Brenda me hizo eso, Brenda me hizo\u2026; obviamente con el adoctrinamiento de alguien\u201d.<\/p>\n\n\n\n<p><strong>Los ensayos de la industria farmac\u00e9utica<\/strong><\/p>\n\n\n\n<p>Luego de la primera audiencia del lunes 6, en declaraciones a Perfil C\u00f3rdoba, el fiscal de C\u00e1mara, Sergio Ruiz Moreno asegur\u00f3 \u201ccontar con pruebas contundentes y no s\u00f3lo indiciarias para demostrar que hubo asesinatos de beb\u00e9s en el Hospital Materno Neonatal y que \u00e9stos fueron cometidos por la enfermera Brenda Ag\u00fcero\u201d.<\/p>\n\n\n\n<p>Y que todas las hip\u00f3tesis fueron analizadas en la etapa de instrucci\u00f3n llevada adelante por el pol\u00e9mico fiscal Garz\u00f3n: \u201cLa situaci\u00f3n del hospital, la asepsia y hasta cosas descabelladas, como por ejemplo experimentos. Todo est\u00e1 solidificado en una prueba pericial que tiene rigor cient\u00edfico, que fue examinada por las partes, en las que concuerdan los peritos de control\u201d.<\/p>\n\n\n\n<p>El fiscal Ruiz Moreno, quiz\u00e1 desconoce que en el mismo Hospital Materno Neonatal \u2018Ram\u00f3n Carrillo\u2019 donde ocurrieron estas cinco muertes de beb\u00e9s a mediados de 2022, a principios de este siglo 21, se realizaron clandestinamente ensayos m\u00e9dicos (experimentos) con vacunas. El destacado m\u00e9dico neonat\u00f3logo Medardo Avila V\u00e1zquez, record\u00f3 que en 2005 se realizaron ensayos cl\u00ednicos para laboratorios medicinales con pacientes del Hospital Materno Neonatal.<\/p>\n\n\n\n<p>\u201cB\u00e1sicamente existe el antecedente de que en el Hospital Materno Neonatal se hac\u00edan ensayos para los grandes laboratorio de vacunas con ni\u00f1os reci\u00e9n nacidos, a los que se los dirig\u00eda a un consultorio especial cuando se daban de alta, para que sean vacunados; y despu\u00e9s se los hac\u00eda regresar para tomarles muestras de sangre a los 15 o 30 d\u00edas para ver cu\u00e1l era la respuesta de anticuerpos a las vacunas que se les hab\u00eda colocado. Eran vacunas de ensayos que figuran en los carnets de vacunaci\u00f3n\u201d.<\/p>\n\n\n\n<p>Avila V\u00e1zquez destac\u00f3 que \u201cesto era algo que en el hospital no se sab\u00eda, se manejaba exclusivamente por la doctora (Liliana) As\u00eds, la directora; y la doctora Baravale que estaba a cargo de esto, m\u00e1s la enfermera que hac\u00eda las aplicaciones de las vacunas de ensayos. Ellas tres eran las \u00fanicas que sab\u00edan y eran las que cobraban por las pr\u00e1cticas a cada paciente. Los laboratorios pagan por cada paciente reclutado para el protocolo un monto, que si son reci\u00e9n nacidos, son bastante altos; hablamos de unos US$ 800 a US$ 1.000 por paciente\u201d.<\/p>\n\n\n\n<p><\/p>\n\n\n\n<figure class=\"wp-block-image size-full\"><img loading=\"lazy\" decoding=\"async\" width=\"419\" height=\"610\" src=\"https:\/\/partediario.com.ar\/wp-content\/uploads\/Ensayo-vacunas-sextuples-e1736806820602.webp\" alt=\"\" class=\"wp-image-10846\" srcset=\"https:\/\/partediario.com.ar\/wp-content\/uploads\/Ensayo-vacunas-sextuples-e1736806820602.webp 419w, https:\/\/partediario.com.ar\/wp-content\/uploads\/Ensayo-vacunas-sextuples-e1736806820602-206x300.webp 206w\" sizes=\"auto, (max-width: 419px) 100vw, 419px\" \/><\/figure>\n\n\n\n<p><\/p>\n\n\n\n<p>Avila V\u00e1zquez era funcionario del \u00e1rea de Salud en la Municipalidad de C\u00f3rdoba en esa \u00e9poca, y denunci\u00f3 la aplicaci\u00f3n de agrot\u00f3xicos en campos de las afueras de la Capital, que provocaron muertes de ni\u00f1os en barrio Ituzaing\u00f3; pero adem\u00e1s, investig\u00f3 al laboratorio Glaxo por llevar adelante este tipo de ensayos\/experimentos en pacientes del Hospital Municipal Infantil de barrio Alta C\u00f3rdoba.<\/p>\n\n\n\n<p><\/p>\n\n\n\n<figure class=\"wp-block-image size-full\"><img loading=\"lazy\" decoding=\"async\" width=\"417\" height=\"320\" src=\"https:\/\/partediario.com.ar\/wp-content\/uploads\/Ensayo-vacunas-sextuples1-1.webp\" alt=\"\" class=\"wp-image-10850\" srcset=\"https:\/\/partediario.com.ar\/wp-content\/uploads\/Ensayo-vacunas-sextuples1-1.webp 417w, https:\/\/partediario.com.ar\/wp-content\/uploads\/Ensayo-vacunas-sextuples1-1-300x230.webp 300w\" sizes=\"auto, (max-width: 417px) 100vw, 417px\" \/><\/figure>\n\n\n\n<p><\/p>\n\n\n\n<p>\u201cEsto de los ensayos con vacunas en el Neonatal pas\u00f3 en los a\u00f1os 2005\/2006. Yo me entero de esta situaci\u00f3n porque unos siete u ocho a\u00f1os despu\u00e9s llega un paciente, este ni\u00f1o portador de este carnet de vacunas, presenta un cuadro de una enfermedad sever\u00edsima, hab\u00eda tenido toda una historia de hipersensibilidad y termina internado en la Terapia Intensiva que yo dirig\u00eda, con un cuadro de un s\u00edndrome de Stevens-Johnson muy pero muy grave con alt\u00edsimos riesgos de vida, el cual sobrevive milagrosamente. Cuando investigamos qu\u00e9 pod\u00eda haber desencadenado todo esto, nos encontramos con que este paciente hab\u00eda sido sometido a estos ensayos, salv\u00f3 su vida de milagro\u201d, se\u00f1al\u00f3 Avila V\u00e1zquez.<\/p>\n\n\n\n<p><\/p>\n\n\n\n<figure class=\"wp-block-image size-full\"><img loading=\"lazy\" decoding=\"async\" width=\"444\" height=\"279\" src=\"https:\/\/partediario.com.ar\/wp-content\/uploads\/Ensayo-vacunas-sextuples2-2.webp\" alt=\"\" class=\"wp-image-10851\" srcset=\"https:\/\/partediario.com.ar\/wp-content\/uploads\/Ensayo-vacunas-sextuples2-2.webp 444w, https:\/\/partediario.com.ar\/wp-content\/uploads\/Ensayo-vacunas-sextuples2-2-300x189.webp 300w\" sizes=\"auto, (max-width: 444px) 100vw, 444px\" \/><\/figure>\n\n\n\n<p><\/p>\n\n\n\n<p>El especialista agreg\u00f3: \u201cDespu\u00e9s, en febrero o marzo de 2022, Pfizer o Moderna, alguno de estos laboratorios de medicamentos hab\u00edan anunciado que pretend\u00edan incorporar la vacuna del Covid-19 a la vacuna de Hepatitis B que se coloca a todos los reci\u00e9n nacidos en el momento del nacimiento, para que las nuevas generaciones quedaran sensibilizadas contra el Covid y tuvieran anticuerpos contra el Covid y no hubiera esos problemas. Una propuesta totalmente alocada y que solo buscaba fines econ\u00f3micos por parte de estas empresas. Esta propuesta de los laboratorios se hizo conocida en febrero\/marzo de 2022 y en julio\/agosto de 2022 nos enteramos de que estaba pasando esta situaci\u00f3n tan dolorosa en el Hospital Materno Neonatal\u201d.<\/p>\n\n\n\n<p>Avila V\u00e1zquez cont\u00f3 a Stripteasedelpoder.com que el consult\u00f3 \u201ca enfermeras, a m\u00e9dicos si sab\u00edan de alg\u00fan ensayo con medicamentos, con las vacunas en el Materno Neonatal y aparentemente en este momento no hab\u00eda\u201d; y aclar\u00f3: \u201cEsto se maneja entre pocas personas generalmente, estos trabajos de investigaci\u00f3n entre comillas, que son trabajos para incorporarse protocolos de investigaci\u00f3n de los laboratorios internacionales, no son trabajos que se presenten en los ateneos o reuniones p\u00fablicas en el hospital donde todo el mundo sabe que se est\u00e1 haciendo ese ensayo; sino que lo manejan muy reservadamente las personas que lo hacen que son las que se quedan con la plata de cada uno de los pacientes\u201d.<\/p>\n\n\n\n<p><strong>Glaxo y Tregnaghi condenados<\/strong><\/p>\n\n\n\n<p>En 2005 la Municipalidad de C\u00f3rdoba sancion\u00f3 a doce m\u00e9dicos del Hospital Infantil que trabajaban en el Centro de Desarrollo de Proyectos Avanzados en Pediatr\u00eda (CeDePAP), que dirig\u00eda el m\u00e9dico Miguel Tregnaghi por supuestas irregularidades en el desarrollo de investigaciones cl\u00ednicas. Es que Tregnaghi, hasta entonces jefe del servicio de Pediatr\u00eda del Hospital Municipal Infantil, utilizaba su cargo y la estructura municipal para realizar experimentos con ni\u00f1os, que los monetizaba a trav\u00e9s del CeDePAP que \u00e9l mismo dirig\u00eda.<\/p>\n\n\n\n<p>El caso de estos ensayos cl\u00ednicos estall\u00f3 cuando el entonces intendente Luis Juez firm\u00f3 el decreto mediante el cual dejaba cesantes a cuatro m\u00e9dicos del Hospital Infantil, y suspend\u00eda a otros ocho por lapsos que iban de los dos a\u00f1os a los 30 d\u00edas. Para ello se bas\u00f3 en un sumario interno, fruto de una investigaci\u00f3n impulsada por la Secretar\u00eda de Salud del municipio durante un a\u00f1o y medio. Se sospechaba que se habr\u00eda utilizado la infraestructura p\u00fablica para tratar a pacientes en protocolos de investigaciones privadas por los que se habr\u00edan cobrado grandes sumas.<\/p>\n\n\n\n<p>En medio de ese esc\u00e1ndalo, el cordobesismo blind\u00f3 a Tregnaghi y a su centro privado. En junio de ese a\u00f1o, la Comisi\u00f3n de Salud Humana de la Legislatura de C\u00f3rdoba bloque\u00f3 y archiv\u00f3 un pedido de informes realizado por el juecismo sobre investigaciones cient\u00edficas en seres humanos que involucraba al CeDePAP. El archivo ocurri\u00f3 luego de que el presidente de la comisi\u00f3n, Carlos Nouzeret, (PJ), recibiera en la Legislatura a los directivos del Centro de Desarrollo de Proyectos Avanzados en Pediatr\u00eda (CeDePAP), Miguel Tregnaghi, Jos\u00e9 Ussher y Ana Ceballos.<\/p>\n\n\n\n<p>Un a\u00f1o despu\u00e9s, en septiembre de 2006, la misma Comisi\u00f3n de Salud de la Legislatura premi\u00f3 a Tregnaghi y el reconocimiento se lo dio el m\u00e9dico Francisco Fortuna, entonces presidente provisional de la Legislatura, pero qu\u00e9 a lo largo de un cuarto de siglo pegotista, tambi\u00e9n lleg\u00f3 a ministro de Salud. Pese al blindaje del cordobesismo, Tregnaghi entre 2007 y 2008 mud\u00f3 sus ensayos de C\u00f3rdoba a las provincias de Mendoza, San Juan y Santiago del Estero.<\/p>\n\n\n\n<p>Una larga investigaci\u00f3n de la Administraci\u00f3n Nacional de Medicamentos, Alimentos y Tecnolog\u00eda M\u00e9dica (ANMAT) detect\u00f3 en esos ensayos en Santiago del Estero, San Juan y Mendoza, la falta de documentaci\u00f3n relativa a historias cl\u00ednicas de pacientes, y sobre los m\u00e9todos de administraci\u00f3n de medicinas. As\u00ed como incumplimientos de controles de seguridad e irregularidades en las autorizaciones para que los ni\u00f1os fueran sometidos a los ensayos cl\u00ednicos, con el fin de desarrollar una vacuna para prevenir la neumon\u00eda adquirida y la otitis media aguda.<\/p>\n\n\n\n<p>Seg\u00fan el diario espa\u00f1ol El Pa\u00eds, siete beb\u00e9s de la provincia de Santiago del Estero, dos de San Juan y cinco de Mendoza, perdieron la vida despu\u00e9s de haber participado en los ensayos. Pese a que no se encontraron pruebas de que los fallecimientos tuvieran que ver con la aplicaci\u00f3n de las inyecciones, pero tras conocerse las muertes se descubri\u00f3 que la empresa farmac\u00e9utica hab\u00eda cometido irregularidades para conseguir el consentimiento de los padres.<\/p>\n\n\n\n<p>La investigaci\u00f3n de ANMAT contra Tregnaghi deriv\u00f3 en una causa penal del juez porte\u00f1o en lo penal econ\u00f3mico Marcelo Aguinsky. Qui\u00e9n a fines de diciembre de 2011 conden\u00f3 a los m\u00e9dicos Tregnaghi y H\u00e9ctor Abate a pagar cada uno una multa de US$ 69.800 y al laboratorio GlaxoSmithKline (GSK) a pagar US$ 93.000.<\/p>\n\n\n\n<p>Por caso, la investigaci\u00f3n del juez Aguinsky dictamin\u00f3 que en el caso de un ni\u00f1o se determin\u00f3 que no pod\u00eda comprobarse \u201cel adecuado cumplimiento con los requerimientos del protocolo, debido a que la abuela, analfabeta, fue quien otorg\u00f3 el consentimiento\u201d para someterlo a las pruebas del laboratorio.<\/p>\n\n\n\n<p>Y algunos otros permisos fueron dados por padres menores de edad, abuelos que no estaban autorizados a hacerlo y, en un caso, por una madre psic\u00f3tica a la que no se hab\u00eda evaluado la capacidad de discernimiento.<\/p>\n\n\n\n<p>Mientras en C\u00f3rdoba, desde este lunes 13 se iniciar\u00e1 la segunda semana de debate en el juicio para determinar c\u00f3mo murieron Francisco, Benjam\u00edn, Ibrahim, Angeline y Melody.<\/p>\n\n\n\n<p><strong>Fuente: stripteasedelpoder<\/strong><\/p>\n","protected":false},"excerpt":{"rendered":"<p>En C&oacute;rdoba se inici&oacute; el juicio por la muerte de cinco bebes en un hospital neonatal, ocurridas el 2022. La historia oficial del cordobesismo, replicada por los medios del Grupo Clar&iacute;n, se&ntilde;ala como asesina a la enfermera Brenda Ag&uuml;ero, presa desde hace 28 meses, y como encubridora a la plana mayor del ministerio de Salud [&hellip;]<\/p>\n","protected":false},"author":2,"featured_media":10852,"comment_status":"open","ping_status":"open","sticky":false,"template":"","format":"standard","meta":{"footnotes":""},"categories":[979,5,8,726],"tags":[303,287,908,5000,5001],"class_list":["post-10844","post","type-post","status-publish","format-standard","has-post-thumbnail","hentry","category-judiciales","category-nacionales","category-provinciales","category-sociedad","tag-cordoba","tag-hospital","tag-muerte","tag-neonatal","tag-ramon-carrillo"],"_links":{"self":[{"href":"https:\/\/partediario.com.ar\/index.php?rest_route=\/wp\/v2\/posts\/10844","targetHints":{"allow":["GET"]}}],"collection":[{"href":"https:\/\/partediario.com.ar\/index.php?rest_route=\/wp\/v2\/posts"}],"about":[{"href":"https:\/\/partediario.com.ar\/index.php?rest_route=\/wp\/v2\/types\/post"}],"author":[{"embeddable":true,"href":"https:\/\/partediario.com.ar\/index.php?rest_route=\/wp\/v2\/users\/2"}],"replies":[{"embeddable":true,"href":"https:\/\/partediario.com.ar\/index.php?rest_route=%2Fwp%2Fv2%2Fcomments&post=10844"}],"version-history":[{"count":1,"href":"https:\/\/partediario.com.ar\/index.php?rest_route=\/wp\/v2\/posts\/10844\/revisions"}],"predecessor-version":[{"id":10853,"href":"https:\/\/partediario.com.ar\/index.php?rest_route=\/wp\/v2\/posts\/10844\/revisions\/10853"}],"wp:featuredmedia":[{"embeddable":true,"href":"https:\/\/partediario.com.ar\/index.php?rest_route=\/wp\/v2\/media\/10852"}],"wp:attachment":[{"href":"https:\/\/partediario.com.ar\/index.php?rest_route=%2Fwp%2Fv2%2Fmedia&parent=10844"}],"wp:term":[{"taxonomy":"category","embeddable":true,"href":"https:\/\/partediario.com.ar\/index.php?rest_route=%2Fwp%2Fv2%2Fcategories&post=10844"},{"taxonomy":"post_tag","embeddable":true,"href":"https:\/\/partediario.com.ar\/index.php?rest_route=%2Fwp%2Fv2%2Ftags&post=10844"}],"curies":[{"name":"wp","href":"https:\/\/api.w.org\/{rel}","templated":true}]}}