{"id":10854,"date":"2025-01-15T17:54:51","date_gmt":"2025-01-15T20:54:51","guid":{"rendered":"https:\/\/partediario.com.ar\/?p=10854"},"modified":"2025-01-16T18:20:41","modified_gmt":"2025-01-16T21:20:41","slug":"habemus-colectivos-la-provincia-de-buenos-aires-deposito-39-000-millones-en-subsidios-atrasados","status":"publish","type":"post","link":"https:\/\/partediario.com.ar\/?p=10854","title":{"rendered":"Habemus colectivos: la provincia de Buenos Aires deposit\u00f3 $39.000 millones en subsidios atrasados"},"content":{"rendered":"\n<h2 class=\"wp-block-heading\">La medida de fuerza que estaba prevista para este jueves 16 de enero qued\u00f3 oficialmente levantada. Seg\u00fan informaron desde las c\u00e1maras empresarias, \u00abel dinero fue depositado, lo que nos permite garantizar el servicio y evitar la paralizaci\u00f3n prevista.\u00bb<\/h2>\n\n\n\n<p>De esta manera, los colectivos de l\u00edneas provinciales y comunales (numeraci\u00f3n superior a 200) circular\u00e1n con normalidad desde las primeras horas del jueves, tras el conflicto generado por una deuda de $39.000 millones en subsidios atrasados.<\/p>\n\n\n\n<p>Por esa deuda hab\u00edan anunciado que este jueves m\u00e1s de 100 l\u00edneas que est\u00e1n bajo la \u00f3rbita provincial o municipal iban a parar por 24 horas. Finalmente el paro qued\u00f3 sin efecto.<\/p>\n\n\n\n<p>Desde que asumi\u00f3 Javier Milei, por indicaci\u00f3n de la Secretar\u00eda de Transporte de la Naci\u00f3n, cada provincia es la que establece los montos y la estructura de costos que se le deben abonar a las empresas.<\/p>\n\n\n\n<p>La medida de fuerza iba a ser protagonizada por la C\u00e1mara Empresaria del Autotransporte de Pasajeros (CEAP), la C\u00e1mara del Transporte de la Provincia de Buenos Aires (CTPBA) y la C\u00e1mara de Empresarios Unidos del Transporte Urbano de Pasajeros de Buenos Aires (CEUTUPBA).<\/p>\n\n\n\n<p>Los empresarios del sector del autotransporte de pasajeros hab\u00edan aclarado que \u201cno se trata de un paro sino de una restricci\u00f3n de servicios por falta de recursos ante el incumplimiento del pago del subsidio que, en este caso, corresponde a jurisdicci\u00f3n bonaerense.\u201d<\/p>\n\n\n\n<p>E indicaban que \u201cla administraci\u00f3n nacional ya transfiri\u00f3 los fondos respectivos a la Provincia la semana pasada y el Gobierno provincial no deposit\u00f3 el dinero en las cuentas de las empresas. Adem\u00e1s, existe un remanente del mes de septiembre pasado que nunca se cancel\u00f3. En la gobernaci\u00f3n desmienten esta afirmaci\u00f3n porque \u201clos fondos son provinciales, Naci\u00f3n no transfiere nada a la provincia para el pago de subsidios.\u201d<\/p>\n\n\n\n<p>Con ese dinero, las empresas deber\u00edan completar el pago de salarios y comprar combustible para sus unidades.<\/p>\n\n\n\n<p>El 8 de enero una situaci\u00f3n similar se produjo en 10 l\u00edneas de colectivos de la empresa Transporte Ideal de San Justo. Las l\u00edneas que no prestaron servicio fueron la 193, 4, 49, 86, 88, 96, 185, 205, 621 y 502. \u00bfEl motivo?: una deuda del 40% del salario de diciembre y un 25% del medio aguinaldo.<\/p>\n","protected":false},"excerpt":{"rendered":"<p>La medida de fuerza que estaba prevista para este jueves 16 de enero qued&oacute; oficialmente levantada. Seg&uacute;n informaron desde las c&aacute;maras empresarias, &laquo;el dinero fue depositado, lo que nos permite garantizar el servicio y evitar la paralizaci&oacute;n prevista.&raquo; De esta manera, los colectivos de l&iacute;neas provinciales y comunales (numeraci&oacute;n superior a 200) circular&aacute;n con normalidad [&hellip;]<\/p>\n","protected":false},"author":2,"featured_media":10855,"comment_status":"open","ping_status":"open","sticky":false,"template":"","format":"standard","meta":{"footnotes":""},"categories":[978,5,726],"tags":[1478,1519,691],"class_list":["post-10854","post","type-post","status-publish","format-standard","has-post-thumbnail","hentry","category-gremiales","category-nacionales","category-sociedad","tag-colectivos","tag-levanto","tag-paro"],"_links":{"self":[{"href":"https:\/\/partediario.com.ar\/index.php?rest_route=\/wp\/v2\/posts\/10854","targetHints":{"allow":["GET"]}}],"collection":[{"href":"https:\/\/partediario.com.ar\/index.php?rest_route=\/wp\/v2\/posts"}],"about":[{"href":"https:\/\/partediario.com.ar\/index.php?rest_route=\/wp\/v2\/types\/post"}],"author":[{"embeddable":true,"href":"https:\/\/partediario.com.ar\/index.php?rest_route=\/wp\/v2\/users\/2"}],"replies":[{"embeddable":true,"href":"https:\/\/partediario.com.ar\/index.php?rest_route=%2Fwp%2Fv2%2Fcomments&post=10854"}],"version-history":[{"count":1,"href":"https:\/\/partediario.com.ar\/index.php?rest_route=\/wp\/v2\/posts\/10854\/revisions"}],"predecessor-version":[{"id":10856,"href":"https:\/\/partediario.com.ar\/index.php?rest_route=\/wp\/v2\/posts\/10854\/revisions\/10856"}],"wp:featuredmedia":[{"embeddable":true,"href":"https:\/\/partediario.com.ar\/index.php?rest_route=\/wp\/v2\/media\/10855"}],"wp:attachment":[{"href":"https:\/\/partediario.com.ar\/index.php?rest_route=%2Fwp%2Fv2%2Fmedia&parent=10854"}],"wp:term":[{"taxonomy":"category","embeddable":true,"href":"https:\/\/partediario.com.ar\/index.php?rest_route=%2Fwp%2Fv2%2Fcategories&post=10854"},{"taxonomy":"post_tag","embeddable":true,"href":"https:\/\/partediario.com.ar\/index.php?rest_route=%2Fwp%2Fv2%2Ftags&post=10854"}],"curies":[{"name":"wp","href":"https:\/\/api.w.org\/{rel}","templated":true}]}}