{"id":10874,"date":"2025-01-16T18:14:34","date_gmt":"2025-01-16T21:14:34","guid":{"rendered":"https:\/\/partediario.com.ar\/?p=10874"},"modified":"2025-01-17T21:04:41","modified_gmt":"2025-01-18T00:04:41","slug":"bienvenido-javier-milei-confirmo-el-pase-de-diego-valenzuela-a-la-libertad-avanza","status":"publish","type":"post","link":"https:\/\/partediario.com.ar\/?p=10874","title":{"rendered":"\u00abBienvenido\u00bb: Javier Milei confirm\u00f3 el pase de Diego Valenzuela a La Libertad Avanza"},"content":{"rendered":"\n<h2 class=\"wp-block-heading\">El presidente Javier Milei celebr\u00f3 el traspaso del intendente de Tres de Febrero, Diego Valenzuela, a las filas de la Libertad Avanza, a trav\u00e9s de su cuenta de X, y le dio la bienvenida al espacio que fund\u00f3.<\/h2>\n\n\n\n<p>\u201cBIENVENIDO Diego Valenzuela a La Libertad Avanza para continuar yendo hasta el fondo con las ideas de la libertad\u2026!!! VIVA LA LIBERTAD CARAJO\u201d, expres\u00f3 el mandatario, despu\u00e9s que el ahora exdirigente del PRO, modificara el rumbo de su actividad pol\u00edtica.<\/p>\n\n\n\n<p><\/p>\n\n\n\n<blockquote class=\"twitter-tweet\"><p lang=\"es\" dir=\"ltr\">Manos a la obra! <a href=\"https:\/\/t.co\/kg6i4l6Pz5\">https:\/\/t.co\/kg6i4l6Pz5<\/a><\/p>&mdash; Diego Valenzuela (@dievalen) <a href=\"https:\/\/twitter.com\/dievalen\/status\/1879926461613879555?ref_src=twsrc%5Etfw\">January 16, 2025<\/a><\/blockquote> <script async src=\"https:\/\/platform.twitter.com\/widgets.js\" charset=\"utf-8\"><\/script>\n\n\n\n<p><\/p>\n\n\n\n<p>La oficializaci\u00f3n del pase del alfil de la ministra de Seguridad, Patricia Bullrich, se concretar\u00eda en horas del mediod\u00eda mediante un anuncio en redes sociales que incluir\u00eda fotos del intendente junto al principal armador de LLA en la provincia, Sebasti\u00e1n Pareja.<\/p>\n\n\n\n<p>El presidente se anticip\u00f3 y minutos antes de las 12, hizo p\u00fablica su felicitaci\u00f3n siendo el primero en confirmar, de forma oficial, el abandono del dirigente de las filas del PRO para sumarse a las del oficialismo.<\/p>\n\n\n\n<p>Desde sus redes, Valenzuela habr\u00eda anticipado: \u201cALEA IACTA EST\u201d. Su frase en lat\u00edn significa \u201cla suerte est\u00e1 echada\u201d, y se hab\u00eda mostrado en las oficina del secretario de Hacienda del Ministerio de Econom\u00eda el pasado 15 de enero.<\/p>\n","protected":false},"excerpt":{"rendered":"<p>El presidente Javier Milei celebr&oacute; el traspaso del intendente de Tres de Febrero, Diego Valenzuela, a las filas de la Libertad Avanza, a trav&eacute;s de su cuenta de X, y le dio la bienvenida al espacio que fund&oacute;. &ldquo;BIENVENIDO Diego Valenzuela a La Libertad Avanza para continuar yendo hasta el fondo con las ideas de [&hellip;]<\/p>\n","protected":false},"author":2,"featured_media":10875,"comment_status":"open","ping_status":"open","sticky":false,"template":"","format":"standard","meta":{"footnotes":""},"categories":[5,176],"tags":[5007,232,266,2062],"class_list":["post-10874","post","type-post","status-publish","format-standard","has-post-thumbnail","hentry","category-nacionales","category-politica","tag-diego-valenzuela","tag-javier-milei","tag-libertad-avanza","tag-pro"],"_links":{"self":[{"href":"https:\/\/partediario.com.ar\/index.php?rest_route=\/wp\/v2\/posts\/10874","targetHints":{"allow":["GET"]}}],"collection":[{"href":"https:\/\/partediario.com.ar\/index.php?rest_route=\/wp\/v2\/posts"}],"about":[{"href":"https:\/\/partediario.com.ar\/index.php?rest_route=\/wp\/v2\/types\/post"}],"author":[{"embeddable":true,"href":"https:\/\/partediario.com.ar\/index.php?rest_route=\/wp\/v2\/users\/2"}],"replies":[{"embeddable":true,"href":"https:\/\/partediario.com.ar\/index.php?rest_route=%2Fwp%2Fv2%2Fcomments&post=10874"}],"version-history":[{"count":1,"href":"https:\/\/partediario.com.ar\/index.php?rest_route=\/wp\/v2\/posts\/10874\/revisions"}],"predecessor-version":[{"id":10876,"href":"https:\/\/partediario.com.ar\/index.php?rest_route=\/wp\/v2\/posts\/10874\/revisions\/10876"}],"wp:featuredmedia":[{"embeddable":true,"href":"https:\/\/partediario.com.ar\/index.php?rest_route=\/wp\/v2\/media\/10875"}],"wp:attachment":[{"href":"https:\/\/partediario.com.ar\/index.php?rest_route=%2Fwp%2Fv2%2Fmedia&parent=10874"}],"wp:term":[{"taxonomy":"category","embeddable":true,"href":"https:\/\/partediario.com.ar\/index.php?rest_route=%2Fwp%2Fv2%2Fcategories&post=10874"},{"taxonomy":"post_tag","embeddable":true,"href":"https:\/\/partediario.com.ar\/index.php?rest_route=%2Fwp%2Fv2%2Ftags&post=10874"}],"curies":[{"name":"wp","href":"https:\/\/api.w.org\/{rel}","templated":true}]}}