{"id":10906,"date":"2025-01-18T10:03:30","date_gmt":"2025-01-18T13:03:30","guid":{"rendered":"https:\/\/partediario.com.ar\/?p=10906"},"modified":"2025-01-18T10:03:30","modified_gmt":"2025-01-18T13:03:30","slug":"la-municipalidad-de-parana-coordina-con-los-clubes-su-participacion-en-la-fiesta-nacional-del-mate","status":"publish","type":"post","link":"https:\/\/partediario.com.ar\/?p=10906","title":{"rendered":"La Municipalidad de Paran\u00e1 coordina con los clubes su participaci\u00f3n en la Fiesta Nacional del Mate"},"content":{"rendered":"\n<h2 class=\"wp-block-heading\">Representantes de m\u00e1s de 30 entidades deportivas de Paran\u00e1 recibieron asesoramiento de diferentes \u00e1reas para el trabajo en el patio gastron\u00f3mico del evento que se realizar\u00e1 el 7 y 8 de febrero en la Plaza de las Colectividades. Estuvo presente la intendenta Rosario Romero.<\/h2>\n\n\n\n<p>\u201cLos clubes van a tener una oferta variada. El encuentro se centr\u00f3 en el consumo el\u00e9ctrico, en el manejo apropiado de los alimentos y tambi\u00e9n nos reunimos con los proveedores\u201d, detall\u00f3 el subsecretario de Deportes, Juan Arbitelli.<\/p>\n\n\n\n<p><strong>Valoran la oportunidad<\/strong><\/p>\n\n\n\n<p>Enzo Culasso, dirigente del Club Olimpia, manifest\u00f3: \u201cEs una oportunidad para generar un ingreso en el club y tambi\u00e9n para aportar a la ciudad\u201d.<\/p>\n\n\n\n<p>Mart\u00edn D\u2019Aleo, representante del Quique Club, destac\u00f3: \u201cNos sacamos dudas sobre la manipulaci\u00f3n de alimentos y de la comida sin TACC. Es un beneficio para el club\u201d.<\/p>\n\n\n\n<p>Participaron el viceintendente David C\u00e1ceres, el secretario de Gobierno y Coordinador de Gabinete, Santiago Halle, y el subsecretario de Turismo y presidente del Ente Mixto de Turismo de Paran\u00e1 (EMPATUR), Agust\u00edn Clavenzani.<\/p>\n\n\n\n<p>Los clubes presentes en la reuni\u00f3n fueron: Ministerio, Echag\u00fce, Paran\u00e1, Talleres, Paracao, Capib\u00e1, Universitario, Recreativo, Pe\u00f1arol, Carpinches, Deportivo M\u00e1quina, San Agust\u00edn, San Miguel, Olimpia, S\u00f3ftbol Play, Rowing, Don Bosco, Cicl\u00f3n del Sur, Liban\u00e9s, Arenas, Tilcara, Instituto, Los Toritos de Chiclana, Quique Club, Patronato, Mariano Moreno, Estudiantes, Sionista, Fournier, San Mart\u00edn, Las Colinas y Neuqu\u00e9n.<\/p>\n\n\n\n<p><\/p>\n\n\n\n<figure class=\"wp-block-embed is-type-video is-provider-youtube wp-block-embed-youtube wp-embed-aspect-16-9 wp-has-aspect-ratio\"><div class=\"wp-block-embed__wrapper\">\n<iframe loading=\"lazy\" title=\"La Municipalidad coordina con los clubes su participaci\u00f3n en la Fiesta Nacional del Mate\" width=\"640\" height=\"360\" src=\"https:\/\/www.youtube.com\/embed\/5i9zEJ8F7QM?feature=oembed\" frameborder=\"0\" allow=\"accelerometer; autoplay; clipboard-write; encrypted-media; gyroscope; picture-in-picture; web-share\" referrerpolicy=\"strict-origin-when-cross-origin\" allowfullscreen><\/iframe>\n<\/div><\/figure>\n\n\n\n<p><\/p>\n","protected":false},"excerpt":{"rendered":"<p>Representantes de m&aacute;s de 30 entidades deportivas de Paran&aacute; recibieron asesoramiento de diferentes &aacute;reas para el trabajo en el patio gastron&oacute;mico del evento que se realizar&aacute; el 7 y 8 de febrero en la Plaza de las Colectividades. Estuvo presente la intendenta Rosario Romero. &ldquo;Los clubes van a tener una oferta variada. El encuentro se [&hellip;]<\/p>\n","protected":false},"author":2,"featured_media":10907,"comment_status":"open","ping_status":"open","sticky":false,"template":"","format":"standard","meta":{"footnotes":""},"categories":[3272],"tags":[2064,5018,265,242],"class_list":["post-10906","post","type-post","status-publish","format-standard","has-post-thumbnail","hentry","category-municipales","tag-clubes","tag-fiesta-nacional-del-mate","tag-parana","tag-rosario-romero"],"_links":{"self":[{"href":"https:\/\/partediario.com.ar\/index.php?rest_route=\/wp\/v2\/posts\/10906","targetHints":{"allow":["GET"]}}],"collection":[{"href":"https:\/\/partediario.com.ar\/index.php?rest_route=\/wp\/v2\/posts"}],"about":[{"href":"https:\/\/partediario.com.ar\/index.php?rest_route=\/wp\/v2\/types\/post"}],"author":[{"embeddable":true,"href":"https:\/\/partediario.com.ar\/index.php?rest_route=\/wp\/v2\/users\/2"}],"replies":[{"embeddable":true,"href":"https:\/\/partediario.com.ar\/index.php?rest_route=%2Fwp%2Fv2%2Fcomments&post=10906"}],"version-history":[{"count":1,"href":"https:\/\/partediario.com.ar\/index.php?rest_route=\/wp\/v2\/posts\/10906\/revisions"}],"predecessor-version":[{"id":10908,"href":"https:\/\/partediario.com.ar\/index.php?rest_route=\/wp\/v2\/posts\/10906\/revisions\/10908"}],"wp:featuredmedia":[{"embeddable":true,"href":"https:\/\/partediario.com.ar\/index.php?rest_route=\/wp\/v2\/media\/10907"}],"wp:attachment":[{"href":"https:\/\/partediario.com.ar\/index.php?rest_route=%2Fwp%2Fv2%2Fmedia&parent=10906"}],"wp:term":[{"taxonomy":"category","embeddable":true,"href":"https:\/\/partediario.com.ar\/index.php?rest_route=%2Fwp%2Fv2%2Fcategories&post=10906"},{"taxonomy":"post_tag","embeddable":true,"href":"https:\/\/partediario.com.ar\/index.php?rest_route=%2Fwp%2Fv2%2Ftags&post=10906"}],"curies":[{"name":"wp","href":"https:\/\/api.w.org\/{rel}","templated":true}]}}