{"id":10933,"date":"2025-01-20T20:45:19","date_gmt":"2025-01-20T23:45:19","guid":{"rendered":"https:\/\/partediario.com.ar\/?p=10933"},"modified":"2025-01-21T12:17:32","modified_gmt":"2025-01-21T15:17:32","slug":"desde-union-por-la-patria-adelantan-que-rechazaran-de-plano-el-proyecto-de-ficha-limpia","status":"publish","type":"post","link":"https:\/\/partediario.com.ar\/?p=10933","title":{"rendered":"Desde Uni\u00f3n por la Patria adelantan que rechazar\u00e1n \u00abde plano\u00bb el proyecto de Ficha Limpia"},"content":{"rendered":"\n<h2 class=\"wp-block-heading\">Eduardo Toniolli se\u00f1al\u00f3 que solo buscan impedir una candidatura de Cristina Kirchner. \u00abNo s\u00e9 si tiene la voluntad de serlo, pero debe tener ese derecho\u00bb, asegur\u00f3.<\/h2>\n\n\n\n<p>El diputado nacional Eduardo Toniolli, de Uni\u00f3n por la Patria, se\u00f1al\u00f3 que esa bancada rechazar\u00e1 \u00abde plano\u00bb el proyecto denominado \u00abFicha limpia\u00bb, que proh\u00edbe que pueda ser candidato un dirigente que tenga condena en primera y segunda instancia legal.<\/p>\n\n\n\n<p>\u00abNosotros lo rechazamos de plano\u00bb, dijo Toniolli, para quien esa iniciativa solo busca impedir una eventual candidatura de la expresidenta Cristina Fern\u00e1ndez de Kirchner, sobre la cual manifest\u00f3: \u00abNo s\u00e9 si tiene la voluntad de ser candidata, pero tiene que tener ese derecho\u00bb.<\/p>\n\n\n\n<p>En declaraciones radiales, el legislador, perteneciente al Movimiento Evita, indic\u00f3 que la expresidenta \u00abdebe poder tener el derecho como cualquier ciudadano de poder ser elegida\u00bb.<\/p>\n\n\n\n<p>\u00abEse es un derecho que solo puede ser limitado en caso de tener una condena firme, que se sabe que es muy dif\u00edcil de obtener porque no hay elementos concretos\u00bb, se\u00f1al\u00f3 y puntualiz\u00f3: \u00abPara eso est\u00e1n las garant\u00edas constitucionales, que es lo que quiere eliminar el oficialismo\u00bb.<\/p>\n\n\n\n<p>Precis\u00f3 que desde el bloque que integra se oponen al proyecto de Ficha limpia \u00abcomo lo rechazar\u00edamos del mismo modo si fuese afectado alguien del oficialismo o de cualquier fuerza pol\u00edtica\u00bb.<\/p>\n\n\n\n<p>\u00abNo puede la Justicia, y menos la que tenemos en la Argentina, la que dirima cuestiones pol\u00edticas o la posibilidad de presentarse en una contienda electoral\u00bb, finaliz\u00f3.<\/p>\n","protected":false},"excerpt":{"rendered":"<p>Eduardo Toniolli se&ntilde;al&oacute; que solo buscan impedir una candidatura de Cristina Kirchner. &laquo;No s&eacute; si tiene la voluntad de serlo, pero debe tener ese derecho&raquo;, asegur&oacute;. El diputado nacional Eduardo Toniolli, de Uni&oacute;n por la Patria, se&ntilde;al&oacute; que esa bancada rechazar&aacute; &laquo;de plano&raquo; el proyecto denominado &laquo;Ficha limpia&raquo;, que proh&iacute;be que pueda ser candidato un [&hellip;]<\/p>\n","protected":false},"author":2,"featured_media":10934,"comment_status":"open","ping_status":"open","sticky":false,"template":"","format":"standard","meta":{"footnotes":""},"categories":[5,176],"tags":[518,5023,4432,804,690,4520],"class_list":["post-10933","post","type-post","status-publish","format-standard","has-post-thumbnail","hentry","category-nacionales","category-politica","tag-cristina-kirchner","tag-eduardo-toniolli","tag-ficha-limpia","tag-proyecto","tag-rechazo","tag-union-por-la-patria"],"_links":{"self":[{"href":"https:\/\/partediario.com.ar\/index.php?rest_route=\/wp\/v2\/posts\/10933","targetHints":{"allow":["GET"]}}],"collection":[{"href":"https:\/\/partediario.com.ar\/index.php?rest_route=\/wp\/v2\/posts"}],"about":[{"href":"https:\/\/partediario.com.ar\/index.php?rest_route=\/wp\/v2\/types\/post"}],"author":[{"embeddable":true,"href":"https:\/\/partediario.com.ar\/index.php?rest_route=\/wp\/v2\/users\/2"}],"replies":[{"embeddable":true,"href":"https:\/\/partediario.com.ar\/index.php?rest_route=%2Fwp%2Fv2%2Fcomments&post=10933"}],"version-history":[{"count":1,"href":"https:\/\/partediario.com.ar\/index.php?rest_route=\/wp\/v2\/posts\/10933\/revisions"}],"predecessor-version":[{"id":10935,"href":"https:\/\/partediario.com.ar\/index.php?rest_route=\/wp\/v2\/posts\/10933\/revisions\/10935"}],"wp:featuredmedia":[{"embeddable":true,"href":"https:\/\/partediario.com.ar\/index.php?rest_route=\/wp\/v2\/media\/10934"}],"wp:attachment":[{"href":"https:\/\/partediario.com.ar\/index.php?rest_route=%2Fwp%2Fv2%2Fmedia&parent=10933"}],"wp:term":[{"taxonomy":"category","embeddable":true,"href":"https:\/\/partediario.com.ar\/index.php?rest_route=%2Fwp%2Fv2%2Fcategories&post=10933"},{"taxonomy":"post_tag","embeddable":true,"href":"https:\/\/partediario.com.ar\/index.php?rest_route=%2Fwp%2Fv2%2Ftags&post=10933"}],"curies":[{"name":"wp","href":"https:\/\/api.w.org\/{rel}","templated":true}]}}