{"id":10936,"date":"2025-01-20T20:48:52","date_gmt":"2025-01-20T23:48:52","guid":{"rendered":"https:\/\/partediario.com.ar\/?p=10936"},"modified":"2025-01-21T12:17:05","modified_gmt":"2025-01-21T15:17:05","slug":"el-consumo-comienza-a-dar-senales-precisas-de-recuperacion","status":"publish","type":"post","link":"https:\/\/partediario.com.ar\/?p=10936","title":{"rendered":"El consumo comienza a dar se\u00f1ales precisas de recuperaci\u00f3n"},"content":{"rendered":"\n<h2 class=\"wp-block-heading\">El consumo de bienes y servicios de los hogares creci\u00f3 2% en diciembre, respecto de noviembre, seg\u00fan un relevamiento de la C\u00e1mara Argentina de Comercio (CAC).<\/h2>\n\n\n\n<p>En diciembre, el Indicador de Consumo (IC) de la CAC mostr\u00f3 una suba mensual de 2%; mientras que en la comparaci\u00f3n interanual se produjo un retroceso de 3,4%.<\/p>\n\n\n\n<p>Este indicador desarrollado por la CAC refleja la evoluci\u00f3n del consumo de los hogares en bienes y servicios finales con una periodicidad mensual, expandiendo y complementando los aportes de informaci\u00f3n que realiza la C\u00e1mara al seguimiento del comercio y la actividad econ\u00f3mica.<\/p>\n\n\n\n<p>El IC acumula en 2024 un decrecimiento de 7,4% con respecto al a\u00f1o anterior.<\/p>\n\n\n\n<p>\u00abEsta medici\u00f3n es contra un consumo estimulado artificialmente en 2023 (\u201cPlan Platita\u201d) por incentivos electorales del gobierno anterior, que termin\u00f3 sobrecalentando la demanda, y por reacciones de protecci\u00f3n frente al proceso inflacionario descontrolado\u00bb, indic\u00f3 la CAC.<\/p>\n\n\n\n<p>A\u00f1adi\u00f3 que \u00aben diciembre de 2024 se registr\u00f3 una variaci\u00f3n interanual negativa de magnitud significativamente menor a la de noviembre, reflejando una estabilizaci\u00f3n y un evidente posible cambio de tendencia, lo que se ve en una mejora considerable en los niveles de consumo de los hogares con respecto a noviembre de casi el 2%\u00bb.<\/p>\n\n\n\n<p>Esto se da en un escenario econ\u00f3mico en el que la inflaci\u00f3n contin\u00faa estable, hilando durante los \u00faltimos tres meses del a\u00f1o variaciones mensuales menores al 3%. En diciembre de 2024 la mensual fue de 2,7%, con una interanual y\/o acumulada anual de 117,8%.<\/p>\n\n\n\n<p>Al analizar el desempe\u00f1o de algunos rubros en particular, se observa una din\u00e1mica generalizada de decrecimiento interanual respecto a los valores de diciembre de 2023, pero con una clara disminuci\u00f3n en la tasa de variaci\u00f3n negativa.<\/p>\n\n\n\n<p>El rubro de indumentaria y calzado mostr\u00f3 en el \u00faltimo mes del a\u00f1o un decrecimiento estimado de 8,9% interanual. La divisi\u00f3n contin\u00faa desacelerando la ca\u00edda que ven\u00eda experimentado en meses anteriores, mejorando su performance individual.<\/p>\n\n\n\n<p>Por otro lado, el cap\u00edtulo de transporte y veh\u00edculos mostr\u00f3 un decrecimiento estimado del 1,1% interanual en diciembre. A pesar de un leve incremento interanual en los patentamientos de autom\u00f3viles, el uso de la nafta cay\u00f3 5% interanual y traccion\u00f3 el \u00edndice a la baja.<\/p>\n\n\n\n<p>Recreaci\u00f3n y cultura mostr\u00f3 en diciembre un decrecimiento de 12,3% interanual. Un ingreso real que contin\u00faa en niveles bajos y un d\u00f3lar relativamente barato respecto al a\u00f1o pasado que incentiva los viajes al exterior ha explicado la ca\u00edda del rubro.<\/p>\n\n\n\n<p>En cuanto al apartado de vivienda, alquileres y servicios p\u00fablicos, este mostr\u00f3 un decrecimiento estimado de 1,6% interanual en diciembre del presente a\u00f1o. Un diciembre relativamente fresco disminuy\u00f3 la demanda el\u00e9ctrica y traccion\u00f3 el \u00edndice hacia abajo.<\/p>\n\n\n\n<p>Sobre el resto de los rubros, estos experimentaron una contracci\u00f3n estimada de 2% interanual en diciembre, posicion\u00e1ndose en niveles 1,2% por debajo de los niveles prepandemia.<\/p>\n\n\n\n<p>El consumo masivo experiment\u00f3 una ca\u00edda sostenida en las ventas desde el inicio del a\u00f1o, pero a partir de octubre logr\u00f3 cambiar la tendencia. En diciembre, los bienes de consumo masivo volvieron a caer y arrojaron un decrecimiento desestacionalizado de 1,9% respecto a noviembre.<\/p>\n\n\n\n<p>No obstante, se proyecta que el consumo masivo repunte durante 2025 y recupere gran parte del terreno perdido, con una base m\u00e1s genuina que en 2023.<\/p>\n\n\n\n<p>Luego de hacer piso en abril, el cr\u00e9dito en t\u00e9rminos reales logr\u00f3 crecer sostenidamente durante todos los meses restantes del a\u00f1o. La deuda en tarjetas de cr\u00e9dito y los cr\u00e9ditos personales y prendarios lograron superar los niveles de diciembre de 2023, posibilitando el consumo de electrodom\u00e9sticos y autos.<\/p>\n\n\n\n<p>La venta de bienes durables, a diferencia del consumo masivo, ya recuper\u00f3 lo perdido a comienzos de a\u00f1o y cerr\u00f3 el 2024 con los mejores n\u00fameros desde 2018.<\/p>\n\n\n\n<p>El patentamiento de autom\u00f3viles logr\u00f3 crecer un 2,4% interanual en diciembre de 2024, mientras que los electrodom\u00e9sticos lo hicieron en 5,3% durante septiembre.<\/p>\n\n\n\n<p>El cr\u00e9dito hipotecario, por su parte, tambi\u00e9n increment\u00f3 a partir del cuarto mes del a\u00f1o y logr\u00f3 motorizar las escrituras en AMBA que est\u00e1n en m\u00e1ximos desde 2018.<\/p>\n\n\n\n<p>\u00abEn resumen, para el consumo masivo se est\u00e1 monitoreando su recuperaci\u00f3n, mientras que el consumo de bienes durables s\u00ed se incrementa con fuerza. Esta din\u00e1mica representa un cambio en la estructura de consumos del hogar, orient\u00e1ndose m\u00e1s a bienes durables facilitados por el cr\u00e9dito que a bienes de consumo diario. Con un ingreso disponible que mejorar\u00e1 en 2025, el cambio en la estructura de consumo se profundizar\u00e1. El modelo econ\u00f3mico actual no se ve orientado a generar booms de consumo sino, m\u00e1s bien, a crear un fuerte incremento de la inversi\u00f3n y condiciones de estabilidad macroecon\u00f3mica que sostengan el crecimiento a mediano y largo plazo\u00bb, finaliz\u00f3 la CAC.<\/p>\n","protected":false},"excerpt":{"rendered":"<p>El consumo de bienes y servicios de los hogares creci&oacute; 2% en diciembre, respecto de noviembre, seg&uacute;n un relevamiento de la C&aacute;mara Argentina de Comercio (CAC). En diciembre, el Indicador de Consumo (IC) de la CAC mostr&oacute; una suba mensual de 2%; mientras que en la comparaci&oacute;n interanual se produjo un retroceso de 3,4%. Este [&hellip;]<\/p>\n","protected":false},"author":2,"featured_media":10937,"comment_status":"open","ping_status":"open","sticky":false,"template":"","format":"standard","meta":{"footnotes":""},"categories":[5,726],"tags":[5024,1525,1015,2927],"class_list":["post-10936","post","type-post","status-publish","format-standard","has-post-thumbnail","hentry","category-nacionales","category-sociedad","tag-cac","tag-consumo","tag-informe","tag-recuperacion"],"_links":{"self":[{"href":"https:\/\/partediario.com.ar\/index.php?rest_route=\/wp\/v2\/posts\/10936","targetHints":{"allow":["GET"]}}],"collection":[{"href":"https:\/\/partediario.com.ar\/index.php?rest_route=\/wp\/v2\/posts"}],"about":[{"href":"https:\/\/partediario.com.ar\/index.php?rest_route=\/wp\/v2\/types\/post"}],"author":[{"embeddable":true,"href":"https:\/\/partediario.com.ar\/index.php?rest_route=\/wp\/v2\/users\/2"}],"replies":[{"embeddable":true,"href":"https:\/\/partediario.com.ar\/index.php?rest_route=%2Fwp%2Fv2%2Fcomments&post=10936"}],"version-history":[{"count":1,"href":"https:\/\/partediario.com.ar\/index.php?rest_route=\/wp\/v2\/posts\/10936\/revisions"}],"predecessor-version":[{"id":10938,"href":"https:\/\/partediario.com.ar\/index.php?rest_route=\/wp\/v2\/posts\/10936\/revisions\/10938"}],"wp:featuredmedia":[{"embeddable":true,"href":"https:\/\/partediario.com.ar\/index.php?rest_route=\/wp\/v2\/media\/10937"}],"wp:attachment":[{"href":"https:\/\/partediario.com.ar\/index.php?rest_route=%2Fwp%2Fv2%2Fmedia&parent=10936"}],"wp:term":[{"taxonomy":"category","embeddable":true,"href":"https:\/\/partediario.com.ar\/index.php?rest_route=%2Fwp%2Fv2%2Fcategories&post=10936"},{"taxonomy":"post_tag","embeddable":true,"href":"https:\/\/partediario.com.ar\/index.php?rest_route=%2Fwp%2Fv2%2Ftags&post=10936"}],"curies":[{"name":"wp","href":"https:\/\/api.w.org\/{rel}","templated":true}]}}