{"id":10942,"date":"2025-01-21T11:48:40","date_gmt":"2025-01-21T14:48:40","guid":{"rendered":"https:\/\/partediario.com.ar\/?p=10942"},"modified":"2025-01-23T11:54:50","modified_gmt":"2025-01-23T14:54:50","slug":"trabajadores-de-pami-no-lograron-ingresar-a-sus-puestos-de-trabajo","status":"publish","type":"post","link":"https:\/\/partediario.com.ar\/?p=10942","title":{"rendered":"Trabajadores de PAMI no lograron ingresar a sus puestos de trabajo"},"content":{"rendered":"\n<h2 class=\"wp-block-heading\">El hecho sucedi\u00f3 esta ma\u00f1ana en la sede central del organismo cuando 50 empleados quisieron fichar, pero el sistema les rechazaba las huellas dactilares. Se presume que son 200 los despidos que a\u00fan no est\u00e1n formalmente notificados.<\/h2>\n\n\n\n<p>Decenas de trabajadores de PAMI, en la sede central, no pudieron acceder a sus puestos de trabajo y se presume que se trata de una nueva ola de despedidos en el organismo.<\/p>\n\n\n\n<p>Seg\u00fan fuentes, ser\u00edan 200 los empleados desafectados; 50 de ellos, que se hicieron presentes como todos los d\u00edas y quisieron fichar, se encontraron con que el sistema \u201cno les toma las huellas\u201d para permitir el ingreso al edificio.<\/p>\n\n\n\n<p>Esta situaci\u00f3n gener\u00f3 que dichos trabajadores se concentraran en el hall del PAMI central (Av. Corrientes 650) para ingresar a la fuerza, pero personal de seguridad privada que desempe\u00f1a funciones dentro del edificio no lo permiti\u00f3. En principio, la medida fue comunicada de manera informal por \u201clos gerentes de cada \u00e1rea\u201d.<\/p>\n\n\n\n<p>Por el momento, delegados de la Uni\u00f3n de Personal Civil de la Naci\u00f3n (UPCN) no quieren realizar declaraciones formalmente ya que est\u00e1n \u201cesperando a la secretaria del gremio\u201d para que confirme la cantidad efectiva de despidos. Se aguarda que durante el d\u00eda se realice una asamblea al respecto.<\/p>\n\n\n\n<p>Noticia en desarrollo\u2026<\/p>\n","protected":false},"excerpt":{"rendered":"<p>El hecho sucedi&oacute; esta ma&ntilde;ana en la sede central del organismo cuando 50 empleados quisieron fichar, pero el sistema les rechazaba las huellas dactilares. Se presume que son 200 los despidos que a&uacute;n no est&aacute;n formalmente notificados. Decenas de trabajadores de PAMI, en la sede central, no pudieron acceder a sus puestos de trabajo y [&hellip;]<\/p>\n","protected":false},"author":2,"featured_media":10943,"comment_status":"open","ping_status":"open","sticky":false,"template":"","format":"standard","meta":{"footnotes":""},"categories":[978,5,176],"tags":[5027,2906,1546,1949],"class_list":["post-10942","post","type-post","status-publish","format-standard","has-post-thumbnail","hentry","category-gremiales","category-nacionales","category-politica","tag-despido","tag-ingreso","tag-pami","tag-trabajadores"],"_links":{"self":[{"href":"https:\/\/partediario.com.ar\/index.php?rest_route=\/wp\/v2\/posts\/10942","targetHints":{"allow":["GET"]}}],"collection":[{"href":"https:\/\/partediario.com.ar\/index.php?rest_route=\/wp\/v2\/posts"}],"about":[{"href":"https:\/\/partediario.com.ar\/index.php?rest_route=\/wp\/v2\/types\/post"}],"author":[{"embeddable":true,"href":"https:\/\/partediario.com.ar\/index.php?rest_route=\/wp\/v2\/users\/2"}],"replies":[{"embeddable":true,"href":"https:\/\/partediario.com.ar\/index.php?rest_route=%2Fwp%2Fv2%2Fcomments&post=10942"}],"version-history":[{"count":1,"href":"https:\/\/partediario.com.ar\/index.php?rest_route=\/wp\/v2\/posts\/10942\/revisions"}],"predecessor-version":[{"id":10944,"href":"https:\/\/partediario.com.ar\/index.php?rest_route=\/wp\/v2\/posts\/10942\/revisions\/10944"}],"wp:featuredmedia":[{"embeddable":true,"href":"https:\/\/partediario.com.ar\/index.php?rest_route=\/wp\/v2\/media\/10943"}],"wp:attachment":[{"href":"https:\/\/partediario.com.ar\/index.php?rest_route=%2Fwp%2Fv2%2Fmedia&parent=10942"}],"wp:term":[{"taxonomy":"category","embeddable":true,"href":"https:\/\/partediario.com.ar\/index.php?rest_route=%2Fwp%2Fv2%2Fcategories&post=10942"},{"taxonomy":"post_tag","embeddable":true,"href":"https:\/\/partediario.com.ar\/index.php?rest_route=%2Fwp%2Fv2%2Ftags&post=10942"}],"curies":[{"name":"wp","href":"https:\/\/api.w.org\/{rel}","templated":true}]}}