{"id":10971,"date":"2025-01-21T19:12:30","date_gmt":"2025-01-21T22:12:30","guid":{"rendered":"https:\/\/partediario.com.ar\/?p=10971"},"modified":"2025-01-23T11:54:19","modified_gmt":"2025-01-23T14:54:19","slug":"desde-rosario-frigerio-pullaro-y-llaryora-realizaron-un-fuerte-reclamo-a-milei-para-que-baje-las-retenciones-al-campo","status":"publish","type":"post","link":"https:\/\/partediario.com.ar\/?p=10971","title":{"rendered":"Desde Rosario Frigerio, Pullaro y Llaryora realizaron un fuerte reclamo a Milei para que baje las retenciones al campo"},"content":{"rendered":"\n<h2 class=\"wp-block-heading\">Los gobernadores de la Regi\u00f3n Centro se reunieron en la ciudad de Rosario para debatir sobre la situaci\u00f3n del sector agropecuario y y realizaron un duro reclamo al Gobierno nacional.<\/h2>\n\n\n\n<p>Los gobernadores de la Regi\u00f3n Centro, Maximiliano Pullaro (Santa Fe), Rogelio Frigerio (Entre R\u00edos) y Mart\u00edn Llaryora (C\u00f3rdoba), mantuvieron una reuni\u00f3n en Rosario para debatir la situaci\u00f3n del sector agropecuario. Finalizada la reuni\u00f3n los gobernadores brindaron un conferencia de prensa y realizaron un fuerte reclamo al Gobierno nacional para que baje las retenciones al campo.<\/p>\n\n\n\n<p>El mandatario entrerriano fue quien abri\u00f3 la conferencia de prensa y se\u00f1al\u00f3 que se discuti\u00f3 \u201cen una mesa de trabajo\u201d los inconvenientes del sector productivo en la regi\u00f3n. \u201cLa crisis por la que est\u00e1 atravesando el sector agropecuario es uno de los temas m\u00e1s relevantes\u201d, expres\u00f3 Frigerio.<\/p>\n\n\n\n<p>Y acot\u00f3: \u201cEs un sector que est\u00e1 sufriendo una crisis muy profunda debido a la alta presi\u00f3n impositiva, a la baja de los precios internacionales, a los altos costos en d\u00f3lares ya las condiciones clim\u00e1ticas adversas\u201d, se\u00f1al\u00f3 el Gobernador entrerriano y acot\u00f3: \u201cLe pedimos al Gobierno nacional que analice de manera urgente la posibilidad de reducir la presi\u00f3n impositiva para el campo\u201d.<\/p>\n\n\n\n<p>\u201cSomos provincias agropecuarias y vamos a defender a nuestro principal motor de desarrollo y generador de empleo. Lo hicimos cuando la Ley Bases pretendi\u00f3 subir las retenciones y lo vamos a hacer cada vez que el campo lo necesite\u201d, destac\u00f3 Frigerio despues de conformarse la mesa de trabajo con los integrantes del sector<\/p>\n\n\n\n<p>Por su parte el gobernador de C\u00f3rdoba, Mart\u00edn Llaryora, fue categ\u00f3rico y exigi\u00f3 que se bajen \u201clas malditas retenciones\u201d. \u201cSi no se toma esta decisi\u00f3n de manera r\u00e1pida podemos tener un colapso en materia agropecuaria, el campo se puede fundir y si eso sucede la podemos pasar muy mal\u201d, subray\u00f3.<\/p>\n\n\n\n<p>\u201cNo podemos matar a unos de los pilares del motor de desarrollo que le ha dado millones de d\u00f3lares al pa\u00eds. El campo no puede m\u00e1s ante un escenario de condiciones adversas en materia impositiva, financiera y clim\u00e1tica\u201d, agreg\u00f3 el mandatario cordob\u00e9s.<\/p>\n\n\n\n<p>\u201cHay que reaccionar antes de que sea tarde: si el campo se funde se corta cortar la cadena de pago del interior de la Argentina. Es la hora del campo, si no se lo ayuda se funde\u201d, destac\u00f3.<\/p>\n\n\n\n<p>Finalmente tom\u00f3 la palabra el gobernador anfitri\u00f3n, Maximiliano Pullaro: \u00abDesde Buenos Aires se debe dimensionar que si no se toman medidas urgentes el campo se va a fundir y eso generar\u00e1 un impacto negativo en nuestras provincias, ya que es el campo el que mueve la rueda de nuestras econom\u00edas\u00bb, manifest\u00f3.<\/p>\n\n\n\n<p>Finalizando, subray\u00f3 que junto a los otros dos mandatarios se comprometieron a que todo lo que se recaude en concepto de Impuesto Inmobiliario Rural se vuelque a obras de infraestructura rural.<\/p>\n\n\n\n<p>Participaron tambi\u00e9n de la actividad, por parte de la provincia de Santa Fe, los ministros de Desarrollo Productivo, Gustavo Puccini, de Econom\u00eda, Pablo Olivares, y de Gobierno e Innovaci\u00f3n P\u00fablica, Fabi\u00e1n Bastia, y la representante de la Regi\u00f3n Centro por Santa Fe, Claudia Giaccone; por parte de C\u00f3rdoba: los ministros de Infraestructura y Servicios P\u00fablicos, Fabi\u00e1n L\u00f3pez; el secretario de Integraci\u00f3n Regional y Relaciones Internacionales, Juan Carlos Massei, y el legislador Miguel Siciliano; por parte de Entre R\u00edos: el ministro de Gobierno y Trabajo, Manuel Troncoso; los secretarios de Presupuesto y Finanzas, Uriel Brupbacher, y de Agricultura Ganader\u00eda y Pesca, Ra\u00fal Boc Ho, y el presidente del Ente Regi\u00f3n Centro e Integraci\u00f3n Regional, Jorge Chemes.<\/p>\n","protected":false},"excerpt":{"rendered":"<p>Los gobernadores de la Regi&oacute;n Centro se reunieron en la ciudad de Rosario para debatir sobre la situaci&oacute;n del sector agropecuario y y realizaron un duro reclamo al Gobierno nacional. Los gobernadores de la Regi&oacute;n Centro, Maximiliano Pullaro (Santa Fe), Rogelio Frigerio (Entre R&iacute;os) y Mart&iacute;n Llaryora (C&oacute;rdoba), mantuvieron una reuni&oacute;n en Rosario para debatir [&hellip;]<\/p>\n","protected":false},"author":2,"featured_media":10972,"comment_status":"open","ping_status":"open","sticky":false,"template":"","format":"standard","meta":{"footnotes":""},"categories":[176,8],"tags":[2102,1138,1107,1233,2103,245,706],"class_list":["post-10971","post","type-post","status-publish","format-standard","has-post-thumbnail","hentry","category-politica","category-provinciales","tag-campo","tag-martin-llaryora","tag-maximiliano-pullaro","tag-region-centro","tag-retenciones","tag-rogelio-frigerio","tag-rosario"],"_links":{"self":[{"href":"https:\/\/partediario.com.ar\/index.php?rest_route=\/wp\/v2\/posts\/10971","targetHints":{"allow":["GET"]}}],"collection":[{"href":"https:\/\/partediario.com.ar\/index.php?rest_route=\/wp\/v2\/posts"}],"about":[{"href":"https:\/\/partediario.com.ar\/index.php?rest_route=\/wp\/v2\/types\/post"}],"author":[{"embeddable":true,"href":"https:\/\/partediario.com.ar\/index.php?rest_route=\/wp\/v2\/users\/2"}],"replies":[{"embeddable":true,"href":"https:\/\/partediario.com.ar\/index.php?rest_route=%2Fwp%2Fv2%2Fcomments&post=10971"}],"version-history":[{"count":1,"href":"https:\/\/partediario.com.ar\/index.php?rest_route=\/wp\/v2\/posts\/10971\/revisions"}],"predecessor-version":[{"id":10973,"href":"https:\/\/partediario.com.ar\/index.php?rest_route=\/wp\/v2\/posts\/10971\/revisions\/10973"}],"wp:featuredmedia":[{"embeddable":true,"href":"https:\/\/partediario.com.ar\/index.php?rest_route=\/wp\/v2\/media\/10972"}],"wp:attachment":[{"href":"https:\/\/partediario.com.ar\/index.php?rest_route=%2Fwp%2Fv2%2Fmedia&parent=10971"}],"wp:term":[{"taxonomy":"category","embeddable":true,"href":"https:\/\/partediario.com.ar\/index.php?rest_route=%2Fwp%2Fv2%2Fcategories&post=10971"},{"taxonomy":"post_tag","embeddable":true,"href":"https:\/\/partediario.com.ar\/index.php?rest_route=%2Fwp%2Fv2%2Ftags&post=10971"}],"curies":[{"name":"wp","href":"https:\/\/api.w.org\/{rel}","templated":true}]}}