{"id":10976,"date":"2025-01-21T19:50:43","date_gmt":"2025-01-21T22:50:43","guid":{"rendered":"https:\/\/partediario.com.ar\/?p=10976"},"modified":"2025-01-23T11:54:11","modified_gmt":"2025-01-23T14:54:11","slug":"muerte-de-bebes-en-el-neonatal-de-cordoba-dos-madres-reconocieron-a-la-enfermera-brenda-aguero","status":"publish","type":"post","link":"https:\/\/partediario.com.ar\/?p=10976","title":{"rendered":"Muerte de beb\u00e9s en el Neonatal de C\u00f3rdoba: dos madres reconocieron a la enfermera Brenda Ag\u00fcero"},"content":{"rendered":"\n<h2 class=\"wp-block-heading\">Dos madres de beb\u00e9s que pudieron sobrevivir en el Hospital Neonatal de C\u00f3rdoba declararon, reconocieron a la enfermera Brenda Ag\u00fcero y se\u00f1alaron que sus hijos ten\u00edan pinchazos en diversas partes del cuerpo.<\/h2>\n\n\n\n<p>La primera en dar testimonio frente al tribunal y al jurado popular fue Justine B. En un ataque de llanto, la mujer se\u00f1al\u00f3 que su hija naci\u00f3 \u201cperfecta\u201d y que hasta los m\u00e9dicos la \u201cfelicitaron\u201d.<\/p>\n\n\n\n<p>En su declaraci\u00f3n, Justine indic\u00f3 que conoci\u00f3 a Ag\u00fcero, principal acusada en la causa, y que hasta \u00abtuvieron una conversaci\u00f3n\u00bb.<\/p>\n\n\n\n<p>Con la mirada puesta en la enfermera, record\u00f3: \u201cTe reconozco perfectamente. Toco a la beb\u00e9 y estaba helada, ten\u00eda las u\u00f1itas moradas. Yo te pregunt\u00e9 si era normal que ella se pusiera fr\u00eda. Te acercaste la llevaste y no me diste explicaci\u00f3n de m\u00e1s nada\u00bb.<\/p>\n\n\n\n<p>\u00abCuando la llevaste a Fran me descompuse, me ca\u00ed al piso. No pude verla. Me volvieron a llevar a la habitaci\u00f3n y nadie me explicaba qu\u00e9 pas\u00f3 con ella\u00bb, destac\u00f3.<\/p>\n\n\n\n<p>Justine se\u00f1al\u00f3 que el 3 de mayo recibi\u00f3 el alta y que ahora la ni\u00f1a \u201cest\u00e1 en buen estado de salud\u201d, aunque teme que con el paso de los a\u00f1os haya problemas.<\/p>\n\n\n\n<p>\u00abLo \u00fanico que me dijeron es que tuvo un paro\u00bb y \u00abque podr\u00eda tratarse de la llamada \u2018muerte blanca\u2019\u00bb, detall\u00f3. Y agreg\u00f3 que \u00able dijeron que ten\u00eda un soplo y alto nivel de potasio en sangre\u00bb.<\/p>\n\n\n\n<p>Posteriormente, fue el turno de Yasm\u00edn B., tambi\u00e9n madre de un beb\u00e9 sobreviviente, y cont\u00f3 que su hijo hab\u00eda nacido en perfecto estado de salud.<\/p>\n\n\n\n<p>\u201cA los 10 minutos me dan un t\u00e9 para reanimarme y a los 15 o 20 minutos lo llevan a mi hijo. Me ayudan a prenderlo al pecho, tom\u00f3 muy poquito. Se durmi\u00f3, estaba fr\u00edo, muy p\u00e1lido, se durmi\u00f3\u201d, record\u00f3.<\/p>\n\n\n\n<p>En medio de la audiencia, se\u00f1al\u00f3 que una enfermera revis\u00f3 al peque\u00f1o y descubri\u00f3 que ten\u00eda sangre en su ropa: \u201cLo envuelven en su mantita y se lo llevan r\u00e1pido sin decirme nada. Entr\u00f3 una mujer con ropa normal, rompieron el colch\u00f3n, no paraba de decir \u2018no puede ser que pase otra vez con otro beb\u00e9\u2019\u201d.<\/p>\n\n\n\n<p>Diez minutos despu\u00e9s de dicha escena, Yasm\u00edn subray\u00f3 que le informaron que el reci\u00e9n nacido iba a quedar internado en terapia intensiva: \u201cNos contaron que iba a estar internado unos d\u00edas con antibi\u00f3tico, aunque no nos dijo cu\u00e1les. Nos respondi\u00f3 que le hab\u00eda picado un bicho\u201d.<\/p>\n\n\n\n<p>\u201cTen\u00eda dos pinchazos en el muslo derecho. El lunes 9 de mayo le dan el alta con una supuesta lesi\u00f3n en la piel. Lo vacunaron y nos fuimos a casa con la culpa de que lo hab\u00eda picado un bicho\u201d, relat\u00f3.<\/p>\n\n\n\n<p>Tras la testimonial, le preguntaron si reconoce quien era la persona que se llev\u00f3 a su beb\u00e9 y all\u00ed se\u00f1al\u00f3 r\u00e1pidamente a Brenda Ag\u00fcero: \u201cEs esta mujer por el lunar que tiene. Primero me atendi\u00f3 en la sala de posparto y despu\u00e9s llev\u00f3 al beb\u00e9 a la sala de recuperaci\u00f3n\u201d, concluy\u00f3.<\/p>\n","protected":false},"excerpt":{"rendered":"<p>Dos madres de beb&eacute;s que pudieron sobrevivir en el Hospital Neonatal de C&oacute;rdoba declararon, reconocieron a la enfermera Brenda Ag&uuml;ero y se&ntilde;alaron que sus hijos ten&iacute;an pinchazos en diversas partes del cuerpo. La primera en dar testimonio frente al tribunal y al jurado popular fue Justine B. En un ataque de llanto, la mujer se&ntilde;al&oacute; [&hellip;]<\/p>\n","protected":false},"author":2,"featured_media":10977,"comment_status":"open","ping_status":"open","sticky":false,"template":"","format":"standard","meta":{"footnotes":""},"categories":[979,5],"tags":[4868,4869,303,5000],"class_list":["post-10976","post","type-post","status-publish","format-standard","has-post-thumbnail","hentry","category-judiciales","category-nacionales","tag-bebes","tag-brenda-aguero","tag-cordoba","tag-neonatal"],"_links":{"self":[{"href":"https:\/\/partediario.com.ar\/index.php?rest_route=\/wp\/v2\/posts\/10976","targetHints":{"allow":["GET"]}}],"collection":[{"href":"https:\/\/partediario.com.ar\/index.php?rest_route=\/wp\/v2\/posts"}],"about":[{"href":"https:\/\/partediario.com.ar\/index.php?rest_route=\/wp\/v2\/types\/post"}],"author":[{"embeddable":true,"href":"https:\/\/partediario.com.ar\/index.php?rest_route=\/wp\/v2\/users\/2"}],"replies":[{"embeddable":true,"href":"https:\/\/partediario.com.ar\/index.php?rest_route=%2Fwp%2Fv2%2Fcomments&post=10976"}],"version-history":[{"count":1,"href":"https:\/\/partediario.com.ar\/index.php?rest_route=\/wp\/v2\/posts\/10976\/revisions"}],"predecessor-version":[{"id":10978,"href":"https:\/\/partediario.com.ar\/index.php?rest_route=\/wp\/v2\/posts\/10976\/revisions\/10978"}],"wp:featuredmedia":[{"embeddable":true,"href":"https:\/\/partediario.com.ar\/index.php?rest_route=\/wp\/v2\/media\/10977"}],"wp:attachment":[{"href":"https:\/\/partediario.com.ar\/index.php?rest_route=%2Fwp%2Fv2%2Fmedia&parent=10976"}],"wp:term":[{"taxonomy":"category","embeddable":true,"href":"https:\/\/partediario.com.ar\/index.php?rest_route=%2Fwp%2Fv2%2Fcategories&post=10976"},{"taxonomy":"post_tag","embeddable":true,"href":"https:\/\/partediario.com.ar\/index.php?rest_route=%2Fwp%2Fv2%2Ftags&post=10976"}],"curies":[{"name":"wp","href":"https:\/\/api.w.org\/{rel}","templated":true}]}}