{"id":10979,"date":"2025-01-21T20:09:49","date_gmt":"2025-01-21T23:09:49","guid":{"rendered":"https:\/\/partediario.com.ar\/?p=10979"},"modified":"2025-01-21T20:09:50","modified_gmt":"2025-01-21T23:09:50","slug":"cronica-de-una-muerte-anunciada-naci-para-ser-libre-no-asesinada-el-posteo-de-la-joven-asesinada-en-un-hotel-alojamiento","status":"publish","type":"post","link":"https:\/\/partediario.com.ar\/?p=10979","title":{"rendered":"Cr\u00f3nica de una muerte anunciada: \u201cNac\u00ed para ser libre, no asesinada\u201d: el posteo de la joven asesinada en un hotel alojamiento"},"content":{"rendered":"\n<h2 class=\"wp-block-heading\">Malena Micaela Concha Soto, la joven asesinada en un hotel alojamiento en Lomas de Zamora, realiz\u00f3 hace un tiempo atr\u00e1s un estremecedor posteo en su cuenta de Facebook en el que expres\u00f3 que naci\u00f3 \u201cpara ser libre\u201d y \u201cno asesinada\u201d.<\/h2>\n\n\n\n<p>Tiempo atr\u00e1s la joven a trav\u00e9s de sus redes sociales poste\u00f3 como foto de perfil una foto suya con tonalidad violeta donde se le\u00eda la leyenda \u201cnac\u00ed para ser libre, no asesinada\u201d.<\/p>\n\n\n\n<p><\/p>\n\n\n\n<figure class=\"wp-block-image size-full\"><img loading=\"lazy\" decoding=\"async\" width=\"720\" height=\"720\" src=\"https:\/\/partediario.com.ar\/wp-content\/uploads\/Micaela-Malena-Concha-Soto.webp\" alt=\"\" class=\"wp-image-10980\" srcset=\"https:\/\/partediario.com.ar\/wp-content\/uploads\/Micaela-Malena-Concha-Soto.webp 720w, https:\/\/partediario.com.ar\/wp-content\/uploads\/Micaela-Malena-Concha-Soto-300x300.webp 300w, https:\/\/partediario.com.ar\/wp-content\/uploads\/Micaela-Malena-Concha-Soto-150x150.webp 150w\" sizes=\"auto, (max-width: 720px) 100vw, 720px\" \/><\/figure>\n\n\n\n<p><\/p>\n\n\n\n<p>Ante el conocimiento del femicidio, el posteo tom\u00f3 relevancia y gener\u00f3 conmoci\u00f3n debido a que la frase hac\u00eda referencia a la lucha contra la violencia de g\u00e9nero.<\/p>\n\n\n\n<p>Adem\u00e1s, sus cuentas se llenaron de mensajes por parte de amigos y familiares, quienes expresaron el \u201cdolor\u201d que sienten por su crimen: \u201cSigo sin creerlo. Sos esa persona que todos quisi\u00e9ramos tener en nuestras vidas. Ibas por todo en este mundo sin importar nada, una chica con un coraz\u00f3n inmenso con muchos sue\u00f1os que cumplir y te arrebataron la vida\u201d.<\/p>\n\n\n\n<p>La joven, madre de una ni\u00f1a de cinco a\u00f1os, fue asesinada este lunes por su pareja en el hotel alojamiento Sat\u00e9lite en Lomas de Zamora.<\/p>\n\n\n\n<p>Las c\u00e1maras de seguridad registraron que ingresaron a las 14.30, pero a las 17.30, el sujeto dijo que deb\u00eda sacar algo de su auto, el cual no estaba en el establecimiento, pero la encargada, al no abrirle la puerta, hizo que se diera a la fuga.<\/p>\n\n\n\n<p>R\u00e1pidamente dieron aviso a la Polic\u00eda y tras la extra\u00f1a actitud los efectivos ingresaron a la habitaci\u00f3n 17 y hallaron a la v\u00edctima muerta en el ba\u00f1o.<\/p>\n\n\n\n<p>Conforme a la pruebas recabadas, se pudo saber que el pr\u00f3fugo se estar\u00eda ocultando en la zona de Lomas de Zamora Centro.<\/p>\n\n\n\n<p>Se implement\u00f3 un dispositivo de vigilancia encubierto en el barrio, y all\u00ed se logr\u00f3 dar con el imputado logrando su aprehensi\u00f3n en v\u00eda p\u00fablica.<\/p>\n","protected":false},"excerpt":{"rendered":"<p>Malena Micaela Concha Soto, la joven asesinada en un hotel alojamiento en Lomas de Zamora, realiz&oacute; hace un tiempo atr&aacute;s un estremecedor posteo en su cuenta de Facebook en el que expres&oacute; que naci&oacute; &ldquo;para ser libre&rdquo; y &ldquo;no asesinada&rdquo;. Tiempo atr&aacute;s la joven a trav&eacute;s de sus redes sociales poste&oacute; como foto de perfil [&hellip;]<\/p>\n","protected":false},"author":2,"featured_media":10981,"comment_status":"open","ping_status":"open","sticky":false,"template":"","format":"standard","meta":{"footnotes":""},"categories":[5,7],"tags":[5041,351,2256,5043,5042,5044],"class_list":["post-10979","post","type-post","status-publish","format-standard","has-post-thumbnail","hentry","category-nacionales","category-policiales","tag-asesinaron","tag-facebook","tag-hotel","tag-lomas-de-zamora","tag-malena-micaela-concha-soto","tag-posteo"],"_links":{"self":[{"href":"https:\/\/partediario.com.ar\/index.php?rest_route=\/wp\/v2\/posts\/10979","targetHints":{"allow":["GET"]}}],"collection":[{"href":"https:\/\/partediario.com.ar\/index.php?rest_route=\/wp\/v2\/posts"}],"about":[{"href":"https:\/\/partediario.com.ar\/index.php?rest_route=\/wp\/v2\/types\/post"}],"author":[{"embeddable":true,"href":"https:\/\/partediario.com.ar\/index.php?rest_route=\/wp\/v2\/users\/2"}],"replies":[{"embeddable":true,"href":"https:\/\/partediario.com.ar\/index.php?rest_route=%2Fwp%2Fv2%2Fcomments&post=10979"}],"version-history":[{"count":1,"href":"https:\/\/partediario.com.ar\/index.php?rest_route=\/wp\/v2\/posts\/10979\/revisions"}],"predecessor-version":[{"id":10982,"href":"https:\/\/partediario.com.ar\/index.php?rest_route=\/wp\/v2\/posts\/10979\/revisions\/10982"}],"wp:featuredmedia":[{"embeddable":true,"href":"https:\/\/partediario.com.ar\/index.php?rest_route=\/wp\/v2\/media\/10981"}],"wp:attachment":[{"href":"https:\/\/partediario.com.ar\/index.php?rest_route=%2Fwp%2Fv2%2Fmedia&parent=10979"}],"wp:term":[{"taxonomy":"category","embeddable":true,"href":"https:\/\/partediario.com.ar\/index.php?rest_route=%2Fwp%2Fv2%2Fcategories&post=10979"},{"taxonomy":"post_tag","embeddable":true,"href":"https:\/\/partediario.com.ar\/index.php?rest_route=%2Fwp%2Fv2%2Ftags&post=10979"}],"curies":[{"name":"wp","href":"https:\/\/api.w.org\/{rel}","templated":true}]}}