{"id":11011,"date":"2025-01-23T11:35:31","date_gmt":"2025-01-23T14:35:31","guid":{"rendered":"https:\/\/partediario.com.ar\/?p=11011"},"modified":"2025-01-24T11:18:34","modified_gmt":"2025-01-24T14:18:34","slug":"la-fuerte-reaccion-de-jorge-rial-tras-la-detencion-de-su-hija","status":"publish","type":"post","link":"https:\/\/partediario.com.ar\/?p=11011","title":{"rendered":"La fuerte reacci\u00f3n de Jorge Rial tras la detenci\u00f3n de su hija"},"content":{"rendered":"\n<h2 class=\"wp-block-heading\">Morena Rial, hija del periodista Jorge Rial, fue demorada este jueves por la madrugada en la localidad bonaerense de Mart\u00ednez. Aparentemente, la hija del medi\u00e1tico conductor estuvo involucrada en un supuesto intento de robo, pero a las horas fue liberada en un episodio que su abogado se\u00f1al\u00f3 como \u201cconfuso\u201d.<\/h2>\n\n\n\n<p>Seg\u00fan inform\u00f3 \u00c1ngel de Brito, en este momento el periodista se encuentra vacacionando en M\u00e9xico, por lo que no estaba presente para ayudar a su hija, pero \u00abest\u00e1 en comunicaci\u00f3n con Roc\u00edo (su hija menor) que lo puso al tanto del tema\u201d, relat\u00f3.<\/p>\n\n\n\n<p><\/p>\n\n\n\n<figure class=\"wp-block-image size-full\"><img loading=\"lazy\" decoding=\"async\" width=\"404\" height=\"720\" src=\"https:\/\/partediario.com.ar\/wp-content\/uploads\/Rial.webp\" alt=\"\" class=\"wp-image-11012\" srcset=\"https:\/\/partediario.com.ar\/wp-content\/uploads\/Rial.webp 404w, https:\/\/partediario.com.ar\/wp-content\/uploads\/Rial-168x300.webp 168w\" sizes=\"auto, (max-width: 404px) 100vw, 404px\" \/><\/figure>\n\n\n\n<p><\/p>\n\n\n\n<p>En las \u00faltimas horas, posteo en sus historias de Instagram la foto de un habano y un shot de tequila&#8230;<\/p>\n\n\n\n<p>Por otra parte, \u00c1ngel de Brito comparti\u00f3 el video de Jackie Pato, la empresaria uruguaya radicada en Miami que More considera su \u201cmam\u00e1\u201d, hablando sobre lo sucedido el mi\u00e9rcoles por la noche.<\/p>\n\n\n\n<p>Sin nombrarla, Jackie revel\u00f3 estar distanciada de la joven: \u201cMe est\u00e1n escribiendo un mont\u00f3n de personas, un mont\u00f3n de cosas. S\u00e9 lo que est\u00e1 ocurriendo, pero no voy a soltar. As\u00ed que, por m\u00e1s que ya dije que estoy distanciada hace ya m\u00e1s o menos unos tres meses, cuatro, hay cosas que nos van moviendo de una persona. Sabe que siempre, aunque estemos distanciadas, puede contar conmigo para lo que sea\u201d, finaliz\u00f3.<\/p>\n","protected":false},"excerpt":{"rendered":"<p>Morena Rial, hija del periodista Jorge Rial, fue demorada este jueves por la madrugada en la localidad bonaerense de Mart&iacute;nez. Aparentemente, la hija del medi&aacute;tico conductor estuvo involucrada en un supuesto intento de robo, pero a las horas fue liberada en un episodio que su abogado se&ntilde;al&oacute; como &ldquo;confuso&rdquo;. Seg&uacute;n inform&oacute; &Aacute;ngel de Brito, en [&hellip;]<\/p>\n","protected":false},"author":2,"featured_media":11013,"comment_status":"open","ping_status":"open","sticky":false,"template":"","format":"standard","meta":{"footnotes":""},"categories":[4329,5,7],"tags":[902,5059,5060,1372],"class_list":["post-11011","post","type-post","status-publish","format-standard","has-post-thumbnail","hentry","category-espectaculos","category-nacionales","category-policiales","tag-detencion","tag-jorge-rial","tag-mejico","tag-morena-rial"],"_links":{"self":[{"href":"https:\/\/partediario.com.ar\/index.php?rest_route=\/wp\/v2\/posts\/11011","targetHints":{"allow":["GET"]}}],"collection":[{"href":"https:\/\/partediario.com.ar\/index.php?rest_route=\/wp\/v2\/posts"}],"about":[{"href":"https:\/\/partediario.com.ar\/index.php?rest_route=\/wp\/v2\/types\/post"}],"author":[{"embeddable":true,"href":"https:\/\/partediario.com.ar\/index.php?rest_route=\/wp\/v2\/users\/2"}],"replies":[{"embeddable":true,"href":"https:\/\/partediario.com.ar\/index.php?rest_route=%2Fwp%2Fv2%2Fcomments&post=11011"}],"version-history":[{"count":1,"href":"https:\/\/partediario.com.ar\/index.php?rest_route=\/wp\/v2\/posts\/11011\/revisions"}],"predecessor-version":[{"id":11014,"href":"https:\/\/partediario.com.ar\/index.php?rest_route=\/wp\/v2\/posts\/11011\/revisions\/11014"}],"wp:featuredmedia":[{"embeddable":true,"href":"https:\/\/partediario.com.ar\/index.php?rest_route=\/wp\/v2\/media\/11013"}],"wp:attachment":[{"href":"https:\/\/partediario.com.ar\/index.php?rest_route=%2Fwp%2Fv2%2Fmedia&parent=11011"}],"wp:term":[{"taxonomy":"category","embeddable":true,"href":"https:\/\/partediario.com.ar\/index.php?rest_route=%2Fwp%2Fv2%2Fcategories&post=11011"},{"taxonomy":"post_tag","embeddable":true,"href":"https:\/\/partediario.com.ar\/index.php?rest_route=%2Fwp%2Fv2%2Ftags&post=11011"}],"curies":[{"name":"wp","href":"https:\/\/api.w.org\/{rel}","templated":true}]}}