{"id":11028,"date":"2025-01-24T10:35:22","date_gmt":"2025-01-24T13:35:22","guid":{"rendered":"https:\/\/partediario.com.ar\/?p=11028"},"modified":"2025-01-25T12:23:15","modified_gmt":"2025-01-25T15:23:15","slug":"santiago-cafiero-critico-duramente-el-discurso-de-javier-milei-en-davos-no-hay-que-dejar-pasar-estos-agravios-senalo","status":"publish","type":"post","link":"https:\/\/partediario.com.ar\/?p=11028","title":{"rendered":"Santiago Cafiero critic\u00f3 duramente el discurso de Javier Milei en Davos: \u00abNo hay que dejar pasar estos agravios\u00bb, se\u00f1al\u00f3"},"content":{"rendered":"\n<h2 class=\"wp-block-heading\">El diputado de UxP indic\u00f3 que los dichos del Presidente se dan en medio de una \u00abcrisis de la globalizaci\u00f3n, la democracia liberal y el multilateralismo\u00bb.<\/h2>\n\n\n\n<p>El diputado de Uni\u00f3n por la Patria (UxP) y ex canciller Santiago Cafiero critic\u00f3 el discurso del presidente Javier Milei en el Foro de Davos y afirm\u00f3 que los \u00abagravios\u00bb del mandatario \u00abno se pueden dejar pasar\u00bb.<\/p>\n\n\n\n<p>\u00abNo hay que dejar pasar estos agravios, tiene que manifestarse la pol\u00edtica y las instituciones de la democracia\u00bb, expres\u00f3 Cafiero en declaraciones radiales.<\/p>\n\n\n\n<p>Asismismo, el legislador de UxP destac\u00f3 que los dichos del Presidente se dan en medio de una \u00abcrisis de la globalizaci\u00f3n, la democracia liberal y el multilateralismo\u00bb.<\/p>\n\n\n\n<p>\u00abAlgunos de los que ven esto tratan de resolverla y de potenciar los principios que se promulgan en esos foros, con agendas que buscan contemplar el medio ambiente y a los colectivos LGBTQ+\u00bb, indic\u00f3 Cafiero.<\/p>\n\n\n\n<p>Pero, mencion\u00f3, hay \u00abotra mirada\u00bb que sostiene que esa agenda es \u00abminoritaria\u00bb y \u00abdistorsiona esta suerte de darwinismo social a la que el Presidente nos quiere invitar\u00bb.<\/p>\n\n\n\n<p>\u00ab(Donald) Trump entra a la escena mundial con la misma l\u00f3gica que Milei y tambi\u00e9n figuras como (Elon) Musk, que empiezan a tener un v\u00ednculo con el Estado que no tiene que ver con la representaci\u00f3n sino con la influencia\u00bb, se\u00f1al\u00f3 el ex canciller.<\/p>\n\n\n\n<p>Milei hab\u00eda cargado hoy en Davos contra el \u00abwokismo\u00bb, el t\u00e9rmino utilizado por la derecha para referirse al progresismo, y sostuvo entonces que \u00abel feminismo, la equidad, la ideolog\u00eda de g\u00e9nero, el cambio clim\u00e1tico, el aborto y la inmigraci\u00f3n son todas cabezas del mismo monstruo, cuyo fin es justificar el avance del Estado\u00bb.<\/p>\n","protected":false},"excerpt":{"rendered":"<p>El diputado de UxP indic&oacute; que los dichos del Presidente se dan en medio de una &laquo;crisis de la globalizaci&oacute;n, la democracia liberal y el multilateralismo&raquo;. El diputado de Uni&oacute;n por la Patria (UxP) y ex canciller Santiago Cafiero critic&oacute; el discurso del presidente Javier Milei en el Foro de Davos y afirm&oacute; que los [&hellip;]<\/p>\n","protected":false},"author":2,"featured_media":11029,"comment_status":"open","ping_status":"open","sticky":false,"template":"","format":"standard","meta":{"footnotes":""},"categories":[5,176],"tags":[833,5069,2081,232,3446],"class_list":["post-11028","post","type-post","status-publish","format-standard","has-post-thumbnail","hentry","category-nacionales","category-politica","tag-critica","tag-davos","tag-discurso","tag-javier-milei","tag-santiago-cafiero"],"_links":{"self":[{"href":"https:\/\/partediario.com.ar\/index.php?rest_route=\/wp\/v2\/posts\/11028","targetHints":{"allow":["GET"]}}],"collection":[{"href":"https:\/\/partediario.com.ar\/index.php?rest_route=\/wp\/v2\/posts"}],"about":[{"href":"https:\/\/partediario.com.ar\/index.php?rest_route=\/wp\/v2\/types\/post"}],"author":[{"embeddable":true,"href":"https:\/\/partediario.com.ar\/index.php?rest_route=\/wp\/v2\/users\/2"}],"replies":[{"embeddable":true,"href":"https:\/\/partediario.com.ar\/index.php?rest_route=%2Fwp%2Fv2%2Fcomments&post=11028"}],"version-history":[{"count":1,"href":"https:\/\/partediario.com.ar\/index.php?rest_route=\/wp\/v2\/posts\/11028\/revisions"}],"predecessor-version":[{"id":11030,"href":"https:\/\/partediario.com.ar\/index.php?rest_route=\/wp\/v2\/posts\/11028\/revisions\/11030"}],"wp:featuredmedia":[{"embeddable":true,"href":"https:\/\/partediario.com.ar\/index.php?rest_route=\/wp\/v2\/media\/11029"}],"wp:attachment":[{"href":"https:\/\/partediario.com.ar\/index.php?rest_route=%2Fwp%2Fv2%2Fmedia&parent=11028"}],"wp:term":[{"taxonomy":"category","embeddable":true,"href":"https:\/\/partediario.com.ar\/index.php?rest_route=%2Fwp%2Fv2%2Fcategories&post=11028"},{"taxonomy":"post_tag","embeddable":true,"href":"https:\/\/partediario.com.ar\/index.php?rest_route=%2Fwp%2Fv2%2Ftags&post=11028"}],"curies":[{"name":"wp","href":"https:\/\/api.w.org\/{rel}","templated":true}]}}