{"id":11038,"date":"2025-01-24T10:54:10","date_gmt":"2025-01-24T13:54:10","guid":{"rendered":"https:\/\/partediario.com.ar\/?p=11038"},"modified":"2025-01-25T12:23:04","modified_gmt":"2025-01-25T15:23:04","slug":"renuncio-claudia-rucci-dirigente-cercana-a-victoria-villarruel-en-el-senado","status":"publish","type":"post","link":"https:\/\/partediario.com.ar\/?p=11038","title":{"rendered":"Renunci\u00f3 Claudia Rucci dirigente cercana a Victoria Villarruel en el Senado"},"content":{"rendered":"\n<h2 class=\"wp-block-heading\">La ex diputada nacional Claudia Rucci present\u00f3 la renuncia al cargo de Directora General del Observatorio de DDHH del Senado, espacio donde hab\u00eda sido nombrada por la vicepresidenta Victoria Villarruel.<\/h2>\n\n\n\n<p>La dirigente peronista, que ha tenido participaci\u00f3n en algunas actividades de Villarruel en el Senado por la denominada \u00abhistoria completa\u00bb de la d\u00e9cada de los 70, aleg\u00f3 \u00abmotivos personales\u00bb a su renuncia.<\/p>\n\n\n\n<p>\u00abHoy present\u00e9 la renuncia, por motivos personales, al cargo de Directora General del Observatorio de DDHH del Senado de la Naci\u00f3n. Mi agradecimiento a todos con los que compartimos el esfuerzo en pos de que los Derechos Humanos sean de todos y para todos! Muchas gracias!\u00bb, se\u00f1al\u00f3 Rucci.<\/p>\n\n\n\n<p><\/p>\n\n\n\n<blockquote class=\"twitter-tweet\"><p lang=\"es\" dir=\"ltr\">Hoy present\u00e9 la renuncia, por motivos personales, al cargo de Directora General del Observatorio de DDHH del Senado de la Naci\u00f3n. Mi agradecimiento a todos con los que compartimos el esfuerzo en pos de que los Derechos Humanos sean de todos y para todos! Muchas gracias!!! <a href=\"https:\/\/t.co\/LZXYW6Gnh3\">pic.twitter.com\/LZXYW6Gnh3<\/a><\/p>&mdash; Claudia Rucci (@claudiarucci) <a href=\"https:\/\/twitter.com\/claudiarucci\/status\/1882543889682518180?ref_src=twsrc%5Etfw\">January 23, 2025<\/a><\/blockquote> <script async src=\"https:\/\/platform.twitter.com\/widgets.js\" charset=\"utf-8\"><\/script>\n\n\n\n<p><\/p>\n\n\n\n<p>En un mensaje en su cuenta de la red social X, la saliente funcionaria legislativa tambi\u00e9n agreg\u00f3 un video con im\u00e1genes de su trabajo en la C\u00e1mara alta.<\/p>\n\n\n\n<p>Con esta renuncia, Villarruel pierde a una dirigente de su entorno, en medio de la dura interna con el presidente Javier Milei.<\/p>\n\n\n\n<p>Rucci se hab\u00eda referido meses atr\u00e1s a la pelea entre el binomio presidencial: \u201cHay tirantez porque ella es una mujer sumamente sincera, dice lo que piensa entonces de pronto dice las cosas que dice, que a mi me causan gracia, pero seguramente a Milei no\u201d, destac\u00f3.<\/p>\n\n\n\n<p>\u201cNo son diferencias de fondo. Ella tiene otra forma de hacer pol\u00edtica, es m\u00e1s contenedora, puede ver al otro, puede escuchar al otro\u201d, hab\u00eda expresado en la oportunidad.<\/p>\n","protected":false},"excerpt":{"rendered":"<p>La ex diputada nacional Claudia Rucci present&oacute; la renuncia al cargo de Directora General del Observatorio de DDHH del Senado, espacio donde hab&iacute;a sido nombrada por la vicepresidenta Victoria Villarruel. La dirigente peronista, que ha tenido participaci&oacute;n en algunas actividades de Villarruel en el Senado por la denominada &laquo;historia completa&raquo; de la d&eacute;cada de los [&hellip;]<\/p>\n","protected":false},"author":2,"featured_media":11039,"comment_status":"open","ping_status":"open","sticky":false,"template":"","format":"standard","meta":{"footnotes":""},"categories":[5,176],"tags":[5075,1682,233],"class_list":["post-11038","post","type-post","status-publish","format-standard","has-post-thumbnail","hentry","category-nacionales","category-politica","tag-claudia-rucci","tag-renuncio","tag-victoria-villarruel"],"_links":{"self":[{"href":"https:\/\/partediario.com.ar\/index.php?rest_route=\/wp\/v2\/posts\/11038","targetHints":{"allow":["GET"]}}],"collection":[{"href":"https:\/\/partediario.com.ar\/index.php?rest_route=\/wp\/v2\/posts"}],"about":[{"href":"https:\/\/partediario.com.ar\/index.php?rest_route=\/wp\/v2\/types\/post"}],"author":[{"embeddable":true,"href":"https:\/\/partediario.com.ar\/index.php?rest_route=\/wp\/v2\/users\/2"}],"replies":[{"embeddable":true,"href":"https:\/\/partediario.com.ar\/index.php?rest_route=%2Fwp%2Fv2%2Fcomments&post=11038"}],"version-history":[{"count":1,"href":"https:\/\/partediario.com.ar\/index.php?rest_route=\/wp\/v2\/posts\/11038\/revisions"}],"predecessor-version":[{"id":11040,"href":"https:\/\/partediario.com.ar\/index.php?rest_route=\/wp\/v2\/posts\/11038\/revisions\/11040"}],"wp:featuredmedia":[{"embeddable":true,"href":"https:\/\/partediario.com.ar\/index.php?rest_route=\/wp\/v2\/media\/11039"}],"wp:attachment":[{"href":"https:\/\/partediario.com.ar\/index.php?rest_route=%2Fwp%2Fv2%2Fmedia&parent=11038"}],"wp:term":[{"taxonomy":"category","embeddable":true,"href":"https:\/\/partediario.com.ar\/index.php?rest_route=%2Fwp%2Fv2%2Fcategories&post=11038"},{"taxonomy":"post_tag","embeddable":true,"href":"https:\/\/partediario.com.ar\/index.php?rest_route=%2Fwp%2Fv2%2Ftags&post=11038"}],"curies":[{"name":"wp","href":"https:\/\/api.w.org\/{rel}","templated":true}]}}