{"id":11044,"date":"2025-01-24T11:04:28","date_gmt":"2025-01-24T14:04:28","guid":{"rendered":"https:\/\/partediario.com.ar\/?p=11044"},"modified":"2025-01-24T11:04:28","modified_gmt":"2025-01-24T14:04:28","slug":"arrestaron-a-un-ex-empleado-municipal-de-la-plata-por-vender-motos-secuestradas-en-operativos","status":"publish","type":"post","link":"https:\/\/partediario.com.ar\/?p=11044","title":{"rendered":"Arrestaron a un ex empleado municipal de La Plata por vender motos secuestradas en operativos"},"content":{"rendered":"\n<h2 class=\"wp-block-heading\">Un ex empleado de la Municipalidad de La Plata fue detenido por comercializar motos que hab\u00edan sido secuestradas en diversos operativos. Al hombre, que trabajaba en el \u00e1rea de Espacios P\u00fablicos, se lo acusa de estafa.<\/h2>\n\n\n\n<p>La detenci\u00f3n del ex empleado se logr\u00f3 luego de una amplia pesquisa por parte de agentes de la Guardia Urbana de Prevenci\u00f3n de la Municipalidad luego de la denuncia de vecinos.<\/p>\n\n\n\n<p>Seg\u00fan la acusaci\u00f3n, el detenido se hac\u00eda pasar como todav\u00eda empleado de la Municipalidad y ofrec\u00eda las motos a bajo precio.<\/p>\n\n\n\n<p>Trasncendi\u00f3 que el sujeto les manifestaba a los damnificados que se trataba de un \u00absistema legal previo a la instancia de remate\u00bb y que los rodados pod\u00edan ser comprados por $350 mil.<\/p>\n\n\n\n<p>Tras su arresto, el detenido fue trasladado hasta la comisar\u00eda Novena, donde se confirm\u00f3 que tiempo atr\u00e1s s\u00ed hab\u00eda sido empleado de la Municipalidad, pero que ya no ocupaba ning\u00fan cargo.<\/p>\n\n\n\n<p>Adem\u00e1s las autoridades destacaron que no existe ning\u00fan sistema previo al remate que permita obtener rodados a un menor precio.<\/p>\n\n\n\n<p>Por este motivo, refuerzan el pedido de denunciar si existe alg\u00fan tipo de irregularidad de esta \u00edndole.<\/p>\n","protected":false},"excerpt":{"rendered":"<p>Un ex empleado de la Municipalidad de La Plata fue detenido por comercializar motos que hab&iacute;an sido secuestradas en diversos operativos. Al hombre, que trabajaba en el &aacute;rea de Espacios P&uacute;blicos, se lo acusa de estafa. La detenci&oacute;n del ex empleado se logr&oacute; luego de una amplia pesquisa por parte de agentes de la Guardia [&hellip;]<\/p>\n","protected":false},"author":2,"featured_media":11045,"comment_status":"open","ping_status":"open","sticky":false,"template":"","format":"standard","meta":{"footnotes":""},"categories":[3272,7,8],"tags":[4934,5079,2929,2073,210,5080,349],"class_list":["post-11044","post","type-post","status-publish","format-standard","has-post-thumbnail","hentry","category-municipales","category-policiales","category-provinciales","tag-detienen","tag-ex-empleado","tag-la-plata","tag-motos","tag-municipalidad","tag-secuestradas","tag-venta"],"_links":{"self":[{"href":"https:\/\/partediario.com.ar\/index.php?rest_route=\/wp\/v2\/posts\/11044","targetHints":{"allow":["GET"]}}],"collection":[{"href":"https:\/\/partediario.com.ar\/index.php?rest_route=\/wp\/v2\/posts"}],"about":[{"href":"https:\/\/partediario.com.ar\/index.php?rest_route=\/wp\/v2\/types\/post"}],"author":[{"embeddable":true,"href":"https:\/\/partediario.com.ar\/index.php?rest_route=\/wp\/v2\/users\/2"}],"replies":[{"embeddable":true,"href":"https:\/\/partediario.com.ar\/index.php?rest_route=%2Fwp%2Fv2%2Fcomments&post=11044"}],"version-history":[{"count":1,"href":"https:\/\/partediario.com.ar\/index.php?rest_route=\/wp\/v2\/posts\/11044\/revisions"}],"predecessor-version":[{"id":11046,"href":"https:\/\/partediario.com.ar\/index.php?rest_route=\/wp\/v2\/posts\/11044\/revisions\/11046"}],"wp:featuredmedia":[{"embeddable":true,"href":"https:\/\/partediario.com.ar\/index.php?rest_route=\/wp\/v2\/media\/11045"}],"wp:attachment":[{"href":"https:\/\/partediario.com.ar\/index.php?rest_route=%2Fwp%2Fv2%2Fmedia&parent=11044"}],"wp:term":[{"taxonomy":"category","embeddable":true,"href":"https:\/\/partediario.com.ar\/index.php?rest_route=%2Fwp%2Fv2%2Fcategories&post=11044"},{"taxonomy":"post_tag","embeddable":true,"href":"https:\/\/partediario.com.ar\/index.php?rest_route=%2Fwp%2Fv2%2Ftags&post=11044"}],"curies":[{"name":"wp","href":"https:\/\/api.w.org\/{rel}","templated":true}]}}