{"id":11057,"date":"2025-01-24T20:31:04","date_gmt":"2025-01-24T23:31:04","guid":{"rendered":"https:\/\/partediario.com.ar\/?p=11057"},"modified":"2025-01-25T12:22:46","modified_gmt":"2025-01-25T15:22:46","slug":"eliminaran-la-figura-del-femicidio-del-codigo-penal-ninguna-vida-vale-mas-que-otra-destaco-cuneo-libarona","status":"publish","type":"post","link":"https:\/\/partediario.com.ar\/?p=11057","title":{"rendered":"Eliminar\u00e1n la figura del femicidio del C\u00f3digo Penal: \u00abNinguna vida vale m\u00e1s que otra\u00bb, destac\u00f3 C\u00faneo Libarona"},"content":{"rendered":"\n<h2 class=\"wp-block-heading\">El ministro de Justicia, Mariano C\u00faneo Libarona, confirm\u00f3 el pedido del gobierno de Javier Milei de eliminar la figura de femicidio del C\u00f3digo Penal Argentino, y critic\u00f3 al feminismo al sostener que \u201ces una distorsi\u00f3n del concepto de igualdad\u201d.<\/h2>\n\n\n\n<p>A trav\u00e9s de su cuenta de X, el funcionario fundament\u00f3 la decisi\u00f3n, al precisar que la administraci\u00f3n libertaria \u201cdefiende la igualdad ante la Ley consagrada en nuestra Constituci\u00f3n Nacional\u201d.<\/p>\n\n\n\n<p>La tipificaci\u00f3n de femicidio como agravante fue incluida al C\u00f3digo Penal, contemplada en el art\u00edculo 80, inciso 11 tras la sanci\u00f3n de la ley 26.791, publicada en el Bolet\u00edn Oficial el 14 de diciembre de 2012.<\/p>\n\n\n\n<p>\u201cNinguna vida vale m\u00e1s que otra\u201d, destac\u00f3, y a\u00f1adi\u00f3: \u201cComo dijo el Presidente Javier Milei en Davos, el feminismo es una distorsi\u00f3n del concepto de igualdad que \u00fanicamente busca privilegios poniendo a una mitad de poblaci\u00f3n en contra de la otra\u201d.<\/p>\n\n\n\n<p>Seg\u00fan C\u00faneo Libarona, durante a\u00f1os \u201chan usado a la mujer para llenarse los bolsillos y desmedrar al hombre\u201d.<\/p>\n\n\n\n<p>\u201cSin importar nuestro sexo, somos todos iguales ante la Ley y merecemos la misma protecci\u00f3n y respeto\u201d, remarc\u00f3 el ministro que, en julio del a\u00f1o 2024 adelantaba que el \u00e1rea de g\u00e9nero, que pasaba de la \u00f3rbita de Capital Humano a Justicia, tendr\u00eda \u201cprioridad absoluta\u201d.<\/p>\n\n\n\n<p>En Casa Rosada consideran que \u00abel Estado no puede hacerse cargo de cada sector que se considere minor\u00eda\u201d, y bajo esa premisa, la secretaria de Planeamiento Estrat\u00e9gico, Mar\u00eda Ibarzabal Murphy, y el equipo que lidera el asesor presidencial, Santiago Caputo, trabajan en el detalle del proyecto que se denominar\u00e1 Igualdad ante la Ley, y que busca derogar lo que definen como \u201cdiscriminaci\u00f3n positiva\u201d.<\/p>\n\n\n\n<p>La idea es avanzar adem\u00e1s en la derogaci\u00f3n de la Ley de Identidad de G\u00e9nero (N\u00ba 26.743), algunos aspectos de la Ley Micaela (N\u00ba 27499); el DNI no binario, implementado en 2021 a trav\u00e9s del Decreto 476\/2021; la Ley de Promoci\u00f3n del Acceso al Empleo Formal para personas Travestis, Transexuales y Transg\u00e9nero \u201cDiana Sacay\u00e1n &#8211; Lohana Berkins\u201d (N\u00ba 27.636 ); la Ley de Paridad Electoral en \u00c1mbitos de Representaci\u00f3n Pol\u00edtica (N\u00ba 27.412), como los puntos m\u00e1s salientes.<\/p>\n","protected":false},"excerpt":{"rendered":"<p>El ministro de Justicia, Mariano C&uacute;neo Libarona, confirm&oacute; el pedido del gobierno de Javier Milei de eliminar la figura de femicidio del C&oacute;digo Penal Argentino, y critic&oacute; al feminismo al sostener que &ldquo;es una distorsi&oacute;n del concepto de igualdad&rdquo;. A trav&eacute;s de su cuenta de X, el funcionario fundament&oacute; la decisi&oacute;n, al precisar que la [&hellip;]<\/p>\n","protected":false},"author":2,"featured_media":11058,"comment_status":"open","ping_status":"open","sticky":false,"template":"","format":"standard","meta":{"footnotes":""},"categories":[979,5,176],"tags":[5090,5069,1171,271,232,1270,1929],"class_list":["post-11057","post","type-post","status-publish","format-standard","has-post-thumbnail","hentry","category-judiciales","category-nacionales","category-politica","tag-codigo-penal","tag-davos","tag-eliminacion","tag-femicidio","tag-javier-milei","tag-mariano-cuneo-libarona","tag-santiago-caputo"],"_links":{"self":[{"href":"https:\/\/partediario.com.ar\/index.php?rest_route=\/wp\/v2\/posts\/11057","targetHints":{"allow":["GET"]}}],"collection":[{"href":"https:\/\/partediario.com.ar\/index.php?rest_route=\/wp\/v2\/posts"}],"about":[{"href":"https:\/\/partediario.com.ar\/index.php?rest_route=\/wp\/v2\/types\/post"}],"author":[{"embeddable":true,"href":"https:\/\/partediario.com.ar\/index.php?rest_route=\/wp\/v2\/users\/2"}],"replies":[{"embeddable":true,"href":"https:\/\/partediario.com.ar\/index.php?rest_route=%2Fwp%2Fv2%2Fcomments&post=11057"}],"version-history":[{"count":1,"href":"https:\/\/partediario.com.ar\/index.php?rest_route=\/wp\/v2\/posts\/11057\/revisions"}],"predecessor-version":[{"id":11059,"href":"https:\/\/partediario.com.ar\/index.php?rest_route=\/wp\/v2\/posts\/11057\/revisions\/11059"}],"wp:featuredmedia":[{"embeddable":true,"href":"https:\/\/partediario.com.ar\/index.php?rest_route=\/wp\/v2\/media\/11058"}],"wp:attachment":[{"href":"https:\/\/partediario.com.ar\/index.php?rest_route=%2Fwp%2Fv2%2Fmedia&parent=11057"}],"wp:term":[{"taxonomy":"category","embeddable":true,"href":"https:\/\/partediario.com.ar\/index.php?rest_route=%2Fwp%2Fv2%2Fcategories&post=11057"},{"taxonomy":"post_tag","embeddable":true,"href":"https:\/\/partediario.com.ar\/index.php?rest_route=%2Fwp%2Fv2%2Ftags&post=11057"}],"curies":[{"name":"wp","href":"https:\/\/api.w.org\/{rel}","templated":true}]}}