{"id":11063,"date":"2025-01-24T20:43:46","date_gmt":"2025-01-24T23:43:46","guid":{"rendered":"https:\/\/partediario.com.ar\/?p=11063"},"modified":"2025-01-25T12:22:42","modified_gmt":"2025-01-25T15:22:42","slug":"si-yo-tengo-49-anos-y-quiero-tener-sexo-con-un-menor-me-autopercibo-de-8-anos-senalo-marquez","status":"publish","type":"post","link":"https:\/\/partediario.com.ar\/?p=11063","title":{"rendered":"\u00abSi yo tengo 49 a\u00f1os y quiero tener sexo con un menor, me autopercibo de 8 a\u00f1os\u00bb, se\u00f1al\u00f3 Marquez"},"content":{"rendered":"\n<h2 class=\"wp-block-heading\">En una entrevista televisiva, Nicol\u00e1s M\u00e1rquez, bi\u00f3grafo del presidente Javier Milei y coautor del libro El libro negro de la nueva izquierda, lanz\u00f3 una pol\u00e9mica declaraci\u00f3n al afirmar que la ideolog\u00eda de g\u00e9nero y el concepto de autopercepci\u00f3n podr\u00edan ser utilizados para justificar la pedofilia.<\/h2>\n\n\n\n<p>El escritor critic\u00f3 la autopercepci\u00f3n, pilar central de la ideolog\u00eda de g\u00e9nero, y afirm\u00f3 que \u00abesto abre el juego a justificar la pedofilia\u00bb. M\u00e1rquez explic\u00f3 su postura con un ejemplo que gener\u00f3 fuertes cr\u00edticas:\u00bbPorque yo que tengo 49 a\u00f1os y quiero tener sexo con un menor de 8, me autopercibo de 8 a\u00f1os. Total, lo que prevalece no es mi realidad biol\u00f3gica, sino mi autopercepci\u00f3n, y entonces a partir de ah\u00ed no soy un abusador porque soy un equivalente\u00bb, destac\u00f3.<\/p>\n\n\n\n<p>Seg\u00fan M\u00e1rquez, este razonamiento es empleado por lo que denomin\u00f3 el \u00ablobby ped\u00f3filo\u00bb para justificar sus actos y defenderse en procesos judiciales. Adem\u00e1s se\u00f1al\u00f3 que estos grupos buscar\u00edan respaldo en sectores vinculados a la agenda LGBTQ+.<\/p>\n\n\n\n<p>Y redobl\u00f3 la apuesta, al mencionar al fundador del movimiento gay norteamericano, Harry Hay, a quien acus\u00f3 de haber creado tambi\u00e9n el lobby ped\u00f3filo NAMBLA (North American Man\/Boy Love Association). En sus declaraciones, M\u00e1rquez indic\u00f3 que existe una conexi\u00f3n directa entre ciertos sectores del movimiento LGBTQ+ y la promoci\u00f3n de conductas ped\u00f3filas.<\/p>\n\n\n\n<p>Tambi\u00e9n defendi\u00f3 las afirmaciones realizadas por el presidente Milei en foros internacionales, afirmando que \u00abno hay exageraci\u00f3n en lo denunciado, ya que estos fen\u00f3menos se cuentan a borbotones\u00bb.<\/p>\n\n\n\n<p>Nicol\u00e1s M\u00e1rquez finalizando la entrevista reafirmando su cr\u00edtica hacia la ideolog\u00eda de g\u00e9nero y sus supuestas implicancias sociales, precisando que su intenci\u00f3n es \u00abponer sobre la mesa los peligros que estas l\u00f3gicas pueden acarrear para la civilizaci\u00f3n occidental\u00bb.<\/p>\n","protected":false},"excerpt":{"rendered":"<p>En una entrevista televisiva, Nicol&aacute;s M&aacute;rquez, bi&oacute;grafo del presidente Javier Milei y coautor del libro El libro negro de la nueva izquierda, lanz&oacute; una pol&eacute;mica declaraci&oacute;n al afirmar que la ideolog&iacute;a de g&eacute;nero y el concepto de autopercepci&oacute;n podr&iacute;an ser utilizados para justificar la pedofilia. El escritor critic&oacute; la autopercepci&oacute;n, pilar central de la ideolog&iacute;a [&hellip;]<\/p>\n","protected":false},"author":2,"featured_media":11064,"comment_status":"open","ping_status":"open","sticky":false,"template":"","format":"standard","meta":{"footnotes":""},"categories":[5,726],"tags":[5092,5094,232,5091,5093,4879,1029],"class_list":["post-11063","post","type-post","status-publish","format-standard","has-post-thumbnail","hentry","category-nacionales","category-sociedad","tag-el-libro-negro","tag-harry-hay","tag-javier-milei","tag-lgbtq","tag-nambla","tag-nicolas-marquez","tag-pedofilia"],"_links":{"self":[{"href":"https:\/\/partediario.com.ar\/index.php?rest_route=\/wp\/v2\/posts\/11063","targetHints":{"allow":["GET"]}}],"collection":[{"href":"https:\/\/partediario.com.ar\/index.php?rest_route=\/wp\/v2\/posts"}],"about":[{"href":"https:\/\/partediario.com.ar\/index.php?rest_route=\/wp\/v2\/types\/post"}],"author":[{"embeddable":true,"href":"https:\/\/partediario.com.ar\/index.php?rest_route=\/wp\/v2\/users\/2"}],"replies":[{"embeddable":true,"href":"https:\/\/partediario.com.ar\/index.php?rest_route=%2Fwp%2Fv2%2Fcomments&post=11063"}],"version-history":[{"count":1,"href":"https:\/\/partediario.com.ar\/index.php?rest_route=\/wp\/v2\/posts\/11063\/revisions"}],"predecessor-version":[{"id":11065,"href":"https:\/\/partediario.com.ar\/index.php?rest_route=\/wp\/v2\/posts\/11063\/revisions\/11065"}],"wp:featuredmedia":[{"embeddable":true,"href":"https:\/\/partediario.com.ar\/index.php?rest_route=\/wp\/v2\/media\/11064"}],"wp:attachment":[{"href":"https:\/\/partediario.com.ar\/index.php?rest_route=%2Fwp%2Fv2%2Fmedia&parent=11063"}],"wp:term":[{"taxonomy":"category","embeddable":true,"href":"https:\/\/partediario.com.ar\/index.php?rest_route=%2Fwp%2Fv2%2Fcategories&post=11063"},{"taxonomy":"post_tag","embeddable":true,"href":"https:\/\/partediario.com.ar\/index.php?rest_route=%2Fwp%2Fv2%2Ftags&post=11063"}],"curies":[{"name":"wp","href":"https:\/\/api.w.org\/{rel}","templated":true}]}}