{"id":11075,"date":"2025-01-25T12:16:26","date_gmt":"2025-01-25T15:16:26","guid":{"rendered":"https:\/\/partediario.com.ar\/?p=11075"},"modified":"2025-01-26T10:22:54","modified_gmt":"2025-01-26T13:22:54","slug":"javier-milei-encabeza-un-acto-en-el-museo-del-holocausto-tras-su-defensa-de-elon-musk-por-el-presunto-saludo-nazi","status":"publish","type":"post","link":"https:\/\/partediario.com.ar\/?p=11075","title":{"rendered":"Javier Milei encabeza un acto en el Museo del Holocausto, tras su defensa de Elon Musk por el presunto saludo nazi"},"content":{"rendered":"\n<h2 class=\"wp-block-heading\">Tras su gira internacional, el presidente participar\u00e1 en el evento en el Museo del Holocausto. Luego de su defensa a Elon Musk tras la pol\u00e9mica generada por el pol\u00e9mico saludo.<\/h2>\n\n\n\n<p>El presidente Javier Milei asistir\u00e1 este lunes al acto oficial por el D\u00eda Internacional del Holocausto, que se llevar\u00e1 a cabo en el Museo del Holocausto de Buenos Aires.<\/p>\n\n\n\n<p>Esta ser\u00e1 su primera actividad oficial luego de regresar de su gira internacional por Estados Unidos, donde presenci\u00f3 la asunci\u00f3n de Donald Trump, y a Suiza, donde particip\u00f3 en el Foro de Davos.<\/p>\n\n\n\n<p>Milei ya hab\u00eda estado presente el a\u00f1o pasado en la misma ceremonia, donde manifest\u00f3: \u00abArgentina no silencia frente al terror de Hamas\u00bb y exigi\u00f3 \u00abla liberaci\u00f3n inmediata de todos los civiles secuestrados, incluidos nuestros 11 compatriotas\u00bb. Este a\u00f1o, la situaci\u00f3n comenz\u00f3 a resolverse con el acuerdo entre Ham\u00e1s e Israel.<\/p>\n\n\n\n<p>En la oportunidad, el presidente asegur\u00f3: \u00abEl Holocausto y los nazis no son algo del pasado. El hecho del 7 de octubre es una alerta y nosotros tenemos la obligaci\u00f3n de que nada de esto vuelva a ocurrir. Gracias a este museo construimos el presente y el futuro\u00bb.<\/p>\n\n\n\n<p>La presencia de Milei en el acto se da en medio de la pol\u00e9mica por su defensa del empresario Elon Musk, despu\u00e9s que el magnate hiciera un saludo con el brazo extendido durante la ceremonia de asunci\u00f3n de Trump, lo que gener\u00f3 todo tipo de cr\u00edticas en todo el mundo, en especial en Europa.<\/p>\n\n\n\n<p>Para los detractores de Trump y Musk, el gesto tuvo reminiscencias nazis, mientras en redes sociales se barajaron m\u00faltiples teor\u00edas.<\/p>\n\n\n\n<p><\/p>\n\n\n\n<figure class=\"wp-block-image size-full\"><img loading=\"lazy\" decoding=\"async\" width=\"554\" height=\"720\" src=\"https:\/\/partediario.com.ar\/wp-content\/uploads\/Milei-Musk.webp\" alt=\"\" class=\"wp-image-11081\" srcset=\"https:\/\/partediario.com.ar\/wp-content\/uploads\/Milei-Musk.webp 554w, https:\/\/partediario.com.ar\/wp-content\/uploads\/Milei-Musk-231x300.webp 231w\" sizes=\"auto, (max-width: 554px) 100vw, 554px\" \/><\/figure>\n\n\n\n<p><\/p>\n\n\n\n<p>En respuesta, Milei utiliz\u00f3 su cuenta de X para respaldar a Musk con un texto titulado: \u00abNazi las pelotas\u00bb. All\u00ed, el presidente arremeti\u00f3 contra \u00abla progres\u00eda internacional\u00bb por las acusaciones y alert\u00f3: \u00abLos vamos a ir a buscar hasta el \u00faltimo rinc\u00f3n del planeta en defensa de la libertad. Zurdos hijos de putas tiemblen\u00bb.<\/p>\n\n\n\n<p>El libertario remarc\u00f3: \u00abElon Musk debe ser uno de los hombres m\u00e1s importantes de la historia y siempre ha defendido la libertad en su forma m\u00e1s pura, para todos\u00bb.<\/p>\n","protected":false},"excerpt":{"rendered":"<p>Tras su gira internacional, el presidente participar&aacute; en el evento en el Museo del Holocausto. Luego de su defensa a Elon Musk tras la pol&eacute;mica generada por el pol&eacute;mico saludo. El presidente Javier Milei asistir&aacute; este lunes al acto oficial por el D&iacute;a Internacional del Holocausto, que se llevar&aacute; a cabo en el Museo del [&hellip;]<\/p>\n","protected":false},"author":2,"featured_media":11076,"comment_status":"open","ping_status":"open","sticky":false,"template":"","format":"standard","meta":{"footnotes":""},"categories":[5,176],"tags":[709,1961,232,5099,4951,1412,4143],"class_list":["post-11075","post","type-post","status-publish","format-standard","has-post-thumbnail","hentry","category-nacionales","category-politica","tag-acto","tag-elon-musk","tag-javier-milei","tag-museo-del-holocausto","tag-nazi","tag-participacion","tag-saludo"],"_links":{"self":[{"href":"https:\/\/partediario.com.ar\/index.php?rest_route=\/wp\/v2\/posts\/11075","targetHints":{"allow":["GET"]}}],"collection":[{"href":"https:\/\/partediario.com.ar\/index.php?rest_route=\/wp\/v2\/posts"}],"about":[{"href":"https:\/\/partediario.com.ar\/index.php?rest_route=\/wp\/v2\/types\/post"}],"author":[{"embeddable":true,"href":"https:\/\/partediario.com.ar\/index.php?rest_route=\/wp\/v2\/users\/2"}],"replies":[{"embeddable":true,"href":"https:\/\/partediario.com.ar\/index.php?rest_route=%2Fwp%2Fv2%2Fcomments&post=11075"}],"version-history":[{"count":2,"href":"https:\/\/partediario.com.ar\/index.php?rest_route=\/wp\/v2\/posts\/11075\/revisions"}],"predecessor-version":[{"id":11082,"href":"https:\/\/partediario.com.ar\/index.php?rest_route=\/wp\/v2\/posts\/11075\/revisions\/11082"}],"wp:featuredmedia":[{"embeddable":true,"href":"https:\/\/partediario.com.ar\/index.php?rest_route=\/wp\/v2\/media\/11076"}],"wp:attachment":[{"href":"https:\/\/partediario.com.ar\/index.php?rest_route=%2Fwp%2Fv2%2Fmedia&parent=11075"}],"wp:term":[{"taxonomy":"category","embeddable":true,"href":"https:\/\/partediario.com.ar\/index.php?rest_route=%2Fwp%2Fv2%2Fcategories&post=11075"},{"taxonomy":"post_tag","embeddable":true,"href":"https:\/\/partediario.com.ar\/index.php?rest_route=%2Fwp%2Fv2%2Ftags&post=11075"}],"curies":[{"name":"wp","href":"https:\/\/api.w.org\/{rel}","templated":true}]}}