{"id":11114,"date":"2025-01-27T11:53:57","date_gmt":"2025-01-27T14:53:57","guid":{"rendered":"https:\/\/partediario.com.ar\/?p=11114"},"modified":"2025-01-29T17:59:20","modified_gmt":"2025-01-29T20:59:20","slug":"discurso-de-milei-en-davos-retrogrado-y-medieval-y-dijo-que-le-provoco-verguenza-ajena-senalo-stolbizer","status":"publish","type":"post","link":"https:\/\/partediario.com.ar\/?p=11114","title":{"rendered":"Discurso de Milei en Davos: \u201cretr\u00f3grado y medieval\u201d y dijo que le provoc\u00f3 \u201cverg\u00fcenza ajena\u201d, se\u00f1al\u00f3 Stolbizer"},"content":{"rendered":"\n<h2 class=\"wp-block-heading\">La diputada nacional Margarita Stolbizer (Gen-Encuentro Federal), calific\u00f3 de \u201cgrav\u00edsimo\u201d el discurso del presidente Javier Milei en Davos, en el que critic\u00f3 duramente las pol\u00edticas de g\u00e9nero y derechos humanos, y consider\u00f3 que escucharlo le dio \u201cverg\u00fcenza ajena\u201d porque es un mensaje \u201cretr\u00f3grado y medieval\u201d.<\/h2>\n\n\n\n<p>\u201cMe parece grav\u00edsimo, es imposible plantear una regresi\u00f3n tan grande como la que est\u00e1 planteando el Presidente en Davos, es un discurso retr\u00f3grado y medieval\u201d, manifest\u00f3 Stolbizer en declaraciones radiales.<\/p>\n\n\n\n<p>La legisladora del partido Gen, que integra el bloque Encuentro Federal que preside Miguel Pichetto, dijo sentir \u201cpreocupaci\u00f3n y dolor\u201d, e \u201cincluso verg\u00fcenza ajena\u201d, por las ideas \u201cdisparatadas\u201d expresadas por Milei.<\/p>\n\n\n\n<p>\u201cEl presidente de un pa\u00eds democr\u00e1tico no puede expresar \u00fanicamente sus ideas disparatadas y a lo loco, sino que debe pensar que representa a millones de personas que decidimos hace muchos a\u00f1os vivir en democracia y decidimos que los derechos humanos son siempre progresivos\u201d, destac\u00f3.<\/p>\n\n\n\n<p>Tambi\u00e9n critic\u00f3 el anuncio del ministro de Justicia, Mariano Cuneo Libarona, sobre que el Ejecutivo enviar\u00e1 al Congreso un proyecto de ley para eliminar del C\u00f3digo Penal la figura del \u201cfemicidio\u201d.<\/p>\n\n\n\n<p>\u201cEs una bestialidad desde el punto de vista jur\u00eddico legal\u201d, se\u00f1al\u00f3, aludiendo a los dichos del ministro de que \u201cno puede valer m\u00e1s la vida de una persona que otra\u201d, y argument\u00f3 que \u201cesto es desconocer la realidad, en un pa\u00eds en el que muere una mujer cada 27 o 30 horas\u201d.<\/p>\n\n\n\n<p>Stolbizer se\u00f1al\u00f3 que conf\u00eda \u201cen que el Congreso tendr\u00e1 la capacidad y la madurez para frenar estas cosas\u201d, porque \u201cla Constituci\u00f3n establece medidas de discriminaci\u00f3n positiva, para tratar de equilibrar un poco una cancha que es naturalmente desigual\u201d.<\/p>\n","protected":false},"excerpt":{"rendered":"<p>La diputada nacional Margarita Stolbizer (Gen-Encuentro Federal), calific&oacute; de &ldquo;grav&iacute;simo&rdquo; el discurso del presidente Javier Milei en Davos, en el que critic&oacute; duramente las pol&iacute;ticas de g&eacute;nero y derechos humanos, y consider&oacute; que escucharlo le dio &ldquo;verg&uuml;enza ajena&rdquo; porque es un mensaje &ldquo;retr&oacute;grado y medieval&rdquo;. &ldquo;Me parece grav&iacute;simo, es imposible plantear una regresi&oacute;n tan grande [&hellip;]<\/p>\n","protected":false},"author":2,"featured_media":11115,"comment_status":"open","ping_status":"open","sticky":false,"template":"","format":"standard","meta":{"footnotes":""},"categories":[5,176],"tags":[4130],"class_list":["post-11114","post","type-post","status-publish","format-standard","has-post-thumbnail","hentry","category-nacionales","category-politica","tag-margarita-stolbizer"],"_links":{"self":[{"href":"https:\/\/partediario.com.ar\/index.php?rest_route=\/wp\/v2\/posts\/11114","targetHints":{"allow":["GET"]}}],"collection":[{"href":"https:\/\/partediario.com.ar\/index.php?rest_route=\/wp\/v2\/posts"}],"about":[{"href":"https:\/\/partediario.com.ar\/index.php?rest_route=\/wp\/v2\/types\/post"}],"author":[{"embeddable":true,"href":"https:\/\/partediario.com.ar\/index.php?rest_route=\/wp\/v2\/users\/2"}],"replies":[{"embeddable":true,"href":"https:\/\/partediario.com.ar\/index.php?rest_route=%2Fwp%2Fv2%2Fcomments&post=11114"}],"version-history":[{"count":1,"href":"https:\/\/partediario.com.ar\/index.php?rest_route=\/wp\/v2\/posts\/11114\/revisions"}],"predecessor-version":[{"id":11116,"href":"https:\/\/partediario.com.ar\/index.php?rest_route=\/wp\/v2\/posts\/11114\/revisions\/11116"}],"wp:featuredmedia":[{"embeddable":true,"href":"https:\/\/partediario.com.ar\/index.php?rest_route=\/wp\/v2\/media\/11115"}],"wp:attachment":[{"href":"https:\/\/partediario.com.ar\/index.php?rest_route=%2Fwp%2Fv2%2Fmedia&parent=11114"}],"wp:term":[{"taxonomy":"category","embeddable":true,"href":"https:\/\/partediario.com.ar\/index.php?rest_route=%2Fwp%2Fv2%2Fcategories&post=11114"},{"taxonomy":"post_tag","embeddable":true,"href":"https:\/\/partediario.com.ar\/index.php?rest_route=%2Fwp%2Fv2%2Ftags&post=11114"}],"curies":[{"name":"wp","href":"https:\/\/api.w.org\/{rel}","templated":true}]}}