{"id":11136,"date":"2025-01-27T20:22:11","date_gmt":"2025-01-27T23:22:11","guid":{"rendered":"https:\/\/partediario.com.ar\/?p=11136"},"modified":"2025-01-29T17:58:56","modified_gmt":"2025-01-29T20:58:56","slug":"paro-de-trenes-lineas-afectadas-cuando-se-inicia-y-a-que-hora-se-levanta","status":"publish","type":"post","link":"https:\/\/partediario.com.ar\/?p=11136","title":{"rendered":"Paro de trenes: l\u00edneas afectadas, cu\u00e1ndo se inicia y a qu\u00e9 hora se levanta"},"content":{"rendered":"\n<h2 class=\"wp-block-heading\">La Fraternidad confirm\u00f3 un paro para el martes 28 de enero. La medida afectar\u00e1 todos los servicios de trenes entre las 9 y las 15 en todo el pa\u00eds.<\/h2>\n\n\n\n<p>La Fraternidad rechaza la oferta salarial del 3,53% por considerarla insuficiente frente al desfase inflacionario del 46% acumulado. El Gobierno, por su parte, argumenta que no puede exceder la pauta salarial del 1% mensual, clave en su pol\u00edtica antiinflacionaria.<\/p>\n\n\n\n<p>Paro de trenes: \u00bfQu\u00e9 l\u00edneas estar\u00e1n afectadas?<\/p>\n\n\n\n<p>La medida afecta a todos los servicios de trenes en el territorio nacional, incluyendo:<\/p>\n\n\n\n<p>L\u00ednea Mitre<br>L\u00ednea Sarmiento<br>L\u00ednea San Mart\u00edn<br>L\u00ednea Urquiza<br>L\u00ednea Roca<br>L\u00ednea Belgrano Norte<br>L\u00ednea Belgrano Sur<br>Tren de la Costa<\/p>\n\n\n\n<p>Las tareas estar\u00e1n suspendidas hasta las 15:00 del mismo d\u00eda, de acuerdo al comunicado oficial.<\/p>\n\n\n\n<p>El gremio ferroviario La Fraternidad, liderado por Omar Maturano, confirm\u00f3 un paro nacional de trenes para este martes 28 de enero. La medida responde al rechazo del gremio a la oferta oficial de un aumento salarial del 3,53%, cifra considerada insuficiente frente a una inflaci\u00f3n acumulada y un desfase salarial del 46% desde el inicio de la gesti\u00f3n de Javier Milei.<\/p>\n\n\n\n<p>\u201cEn virtud de la falta de respuesta reiteradas en las paritarias, por parte de las empresas, representantes del Gobierno, as\u00ed tambi\u00e9n de las empresas concesionarias, se ha resuelto hacer un llamado urgente a un plenario de representantes gremiales de todos los ferrocarriles para el pr\u00f3ximo 28 de enero\u201d, se\u00f1alan desde el gremio.<\/p>\n\n\n\n<p>Y agregan: \u201cPor tal motivo, se paralizar\u00e1n las tareas desde las 9:00 horas hasta las 15:00 horas de ese mismo d\u00eda\u00bb.<\/p>\n","protected":false},"excerpt":{"rendered":"<p>La Fraternidad confirm&oacute; un paro para el martes 28 de enero. La medida afectar&aacute; todos los servicios de trenes entre las 9 y las 15 en todo el pa&iacute;s. La Fraternidad rechaza la oferta salarial del 3,53% por considerarla insuficiente frente al desfase inflacionario del 46% acumulado. El Gobierno, por su parte, argumenta que no [&hellip;]<\/p>\n","protected":false},"author":2,"featured_media":11137,"comment_status":"open","ping_status":"open","sticky":false,"template":"","format":"standard","meta":{"footnotes":""},"categories":[978,5,726],"tags":[224,4465,5124,691,4466],"class_list":["post-11136","post","type-post","status-publish","format-standard","has-post-thumbnail","hentry","category-gremiales","category-nacionales","category-sociedad","tag-gobierno","tag-la-fraternidad","tag-omar-maturano","tag-paro","tag-trenes"],"_links":{"self":[{"href":"https:\/\/partediario.com.ar\/index.php?rest_route=\/wp\/v2\/posts\/11136","targetHints":{"allow":["GET"]}}],"collection":[{"href":"https:\/\/partediario.com.ar\/index.php?rest_route=\/wp\/v2\/posts"}],"about":[{"href":"https:\/\/partediario.com.ar\/index.php?rest_route=\/wp\/v2\/types\/post"}],"author":[{"embeddable":true,"href":"https:\/\/partediario.com.ar\/index.php?rest_route=\/wp\/v2\/users\/2"}],"replies":[{"embeddable":true,"href":"https:\/\/partediario.com.ar\/index.php?rest_route=%2Fwp%2Fv2%2Fcomments&post=11136"}],"version-history":[{"count":1,"href":"https:\/\/partediario.com.ar\/index.php?rest_route=\/wp\/v2\/posts\/11136\/revisions"}],"predecessor-version":[{"id":11138,"href":"https:\/\/partediario.com.ar\/index.php?rest_route=\/wp\/v2\/posts\/11136\/revisions\/11138"}],"wp:featuredmedia":[{"embeddable":true,"href":"https:\/\/partediario.com.ar\/index.php?rest_route=\/wp\/v2\/media\/11137"}],"wp:attachment":[{"href":"https:\/\/partediario.com.ar\/index.php?rest_route=%2Fwp%2Fv2%2Fmedia&parent=11136"}],"wp:term":[{"taxonomy":"category","embeddable":true,"href":"https:\/\/partediario.com.ar\/index.php?rest_route=%2Fwp%2Fv2%2Fcategories&post=11136"},{"taxonomy":"post_tag","embeddable":true,"href":"https:\/\/partediario.com.ar\/index.php?rest_route=%2Fwp%2Fv2%2Ftags&post=11136"}],"curies":[{"name":"wp","href":"https:\/\/api.w.org\/{rel}","templated":true}]}}