{"id":11155,"date":"2025-01-29T17:15:18","date_gmt":"2025-01-29T20:15:18","guid":{"rendered":"https:\/\/partediario.com.ar\/?p=11155"},"modified":"2025-01-29T17:15:19","modified_gmt":"2025-01-29T20:15:19","slug":"renuncio-eduardo-serenellini-secretario-de-comunicacion-y-prensa-de-la-nacion","status":"publish","type":"post","link":"https:\/\/partediario.com.ar\/?p=11155","title":{"rendered":"Renunci\u00f3 Eduardo Serenellini, secretario de Comunicaci\u00f3n y Prensa de la Naci\u00f3n"},"content":{"rendered":"\n<h2 class=\"wp-block-heading\">El secretario de Prensa del Gobierno, Eduardo Serenellini, present\u00f3 hoy su renuncia al cargo por \u00abmotivos personales\u00bb.<\/h2>\n\n\n\n<p>Posteriormente, Serenellini utiliz\u00f3 sus redes sociales para confirmar su dimisi\u00f3n: \u00abPor razones personales he presentado mi renuncia al cargo de Secretario de Prensa de la Naci\u00f3n al presidente Javier Milei\u00bb.<\/p>\n\n\n\n<p><\/p>\n\n\n\n<blockquote class=\"twitter-tweet\"><p lang=\"es\" dir=\"ltr\">Por razones personales he presentado mi renuncia al cargo de Secretario de Prensa de la Naci\u00f3n al presidente Javier Milei. <br>Agradezco su confianza y conservo una gran amistad .<\/p>&mdash; Eduardo Serenellini (@edserenellini) <a href=\"https:\/\/twitter.com\/edserenellini\/status\/1884302897237876833?ref_src=twsrc%5Etfw\">January 28, 2025<\/a><\/blockquote> <script async src=\"https:\/\/platform.twitter.com\/widgets.js\" charset=\"utf-8\"><\/script>\n\n\n\n<p><\/p>\n\n\n\n<p>Seg\u00fan trascendi\u00f3, Serenellini mantuvo hoy un desayuno con Milei en la Residencia de Olivos y all\u00ed le present\u00f3 su renuncia al cargo.<\/p>\n","protected":false},"excerpt":{"rendered":"<p>El secretario de Prensa del Gobierno, Eduardo Serenellini, present&oacute; hoy su renuncia al cargo por &laquo;motivos personales&raquo;. Posteriormente, Serenellini utiliz&oacute; sus redes sociales para confirmar su dimisi&oacute;n: &laquo;Por razones personales he presentado mi renuncia al cargo de Secretario de Prensa de la Naci&oacute;n al presidente Javier Milei&raquo;. Por razones personales he presentado mi renuncia al [&hellip;]<\/p>\n","protected":false},"author":2,"featured_media":11156,"comment_status":"open","ping_status":"open","sticky":false,"template":"","format":"standard","meta":{"footnotes":""},"categories":[5,176],"tags":[5137,1682],"class_list":["post-11155","post","type-post","status-publish","format-standard","has-post-thumbnail","hentry","category-nacionales","category-politica","tag-eduardo-serenellini","tag-renuncio"],"_links":{"self":[{"href":"https:\/\/partediario.com.ar\/index.php?rest_route=\/wp\/v2\/posts\/11155","targetHints":{"allow":["GET"]}}],"collection":[{"href":"https:\/\/partediario.com.ar\/index.php?rest_route=\/wp\/v2\/posts"}],"about":[{"href":"https:\/\/partediario.com.ar\/index.php?rest_route=\/wp\/v2\/types\/post"}],"author":[{"embeddable":true,"href":"https:\/\/partediario.com.ar\/index.php?rest_route=\/wp\/v2\/users\/2"}],"replies":[{"embeddable":true,"href":"https:\/\/partediario.com.ar\/index.php?rest_route=%2Fwp%2Fv2%2Fcomments&post=11155"}],"version-history":[{"count":1,"href":"https:\/\/partediario.com.ar\/index.php?rest_route=\/wp\/v2\/posts\/11155\/revisions"}],"predecessor-version":[{"id":11157,"href":"https:\/\/partediario.com.ar\/index.php?rest_route=\/wp\/v2\/posts\/11155\/revisions\/11157"}],"wp:featuredmedia":[{"embeddable":true,"href":"https:\/\/partediario.com.ar\/index.php?rest_route=\/wp\/v2\/media\/11156"}],"wp:attachment":[{"href":"https:\/\/partediario.com.ar\/index.php?rest_route=%2Fwp%2Fv2%2Fmedia&parent=11155"}],"wp:term":[{"taxonomy":"category","embeddable":true,"href":"https:\/\/partediario.com.ar\/index.php?rest_route=%2Fwp%2Fv2%2Fcategories&post=11155"},{"taxonomy":"post_tag","embeddable":true,"href":"https:\/\/partediario.com.ar\/index.php?rest_route=%2Fwp%2Fv2%2Ftags&post=11155"}],"curies":[{"name":"wp","href":"https:\/\/api.w.org\/{rel}","templated":true}]}}