{"id":11198,"date":"2025-01-31T11:30:30","date_gmt":"2025-01-31T14:30:30","guid":{"rendered":"https:\/\/partediario.com.ar\/?p=11198"},"modified":"2025-02-01T13:05:12","modified_gmt":"2025-02-01T16:05:12","slug":"a-partir-del-sabado-aumentan-la-luz-y-el-gas-y-reducen-los-subsidios","status":"publish","type":"post","link":"https:\/\/partediario.com.ar\/?p=11198","title":{"rendered":"A partir del s\u00e1bado aumentan la luz y el gas y reducen los subsidios"},"content":{"rendered":"\n<h2 class=\"wp-block-heading\">Las tarifas de electricidad sufrir\u00e1n un incremento de 1,5% a partir de este s\u00e1bado en la regi\u00f3n metropolitana, mientras que las de gas subir\u00e1n 1,6% promedio en el resto del pa\u00eds.<\/h2>\n\n\n\n<p>Las medidas fueron dispuestas a trav\u00e9s de una serie de resoluciones de la secretar\u00eda de Energ\u00eda, del ENARGAS y del ENRE que fueron publicadas hoy en el Bolet\u00edn Oficial.<\/p>\n\n\n\n<p>\u201cA los fines de garantizar un suministro de gas y energ\u00eda el\u00e9ctrica sostenible y equitativo para todos los usuarios, evitar el desabastecimiento y asegurar la viabilidad econ\u00f3mica del sector energ\u00e9tico, el Gobierno Nacional actualiz\u00f3 los precios para febrero de 2025. Estos tendr\u00e1n una actualizaci\u00f3n en la factura final de usuarios del 1.6% para el gas natural por redes y 1.5% para la energ\u00eda el\u00e9ctrica\u201d, indicaron un comunicado de la Secretar\u00eda de Energ\u00eda.<\/p>\n\n\n\n<p>El aumento contempla adem\u00e1s una nueva reducci\u00f3n de los subsidios, que impactan en los niveles 2 y 3, que incluye a aquellos bajos y medios de la sociedad. El nivel 1 ya no tiene ninguna asistencia estatal y paga el precio pleno de los servicios.<\/p>\n\n\n\n<p>\u201cPor otro lado, se ha decidido unificar y simplificar los descuentos de los porcentajes de bonificaci\u00f3n sobre el Punto de Ingreso al Sistema de Transporte (PIST) y el Precio Estacional de la Electricidad (PEST) para los consumos base, se\u00f1alan. De esta modo, las bonificaciones ser\u00e1n del 65% para los usuarios de ingresos bajos (N2) y del 50% para usuarios de ingresos medios (N3)\u201da\u00f1ade el parte oficial.<\/p>\n\n\n\n<p>Adem\u00e1s, desde la Secretar\u00eda informaron que \u201cen l\u00ednea con el objetivo de simplificar procesos y desburocratizar al Estado, se decidi\u00f3 cambiar el mecanismo de compensaci\u00f3n sobre el precio derivado de la aplicaci\u00f3n del r\u00e9gimen de Tarifa Social de gas natural. Ahora, el pago de compensaciones se har\u00e1 directamente hacia los productores y no a las distribuidoras. De esta manera, quitamos intermediarios y agilizamos la cadena de pagos\u201d.<\/p>\n\n\n\n<p>Esta decisi\u00f3n busca acelerar la quita de subsidios para acercar cada vez m\u00e1s al pago total del costo de la energ\u00eda y la electricidad con el objetivo de consolidar el super\u00e1vit fiscal.<\/p>\n\n\n\n<p>La suba dispuesta por el ministerio de Econom\u00eda se encuentra levemente por debajo de las expectativas de inflaci\u00f3n para febrero. La intenci\u00f3n es que las tarifas, de fuerte impacto en los presupuestos familiares, ajusten por debajo de la inflaci\u00f3n general.<\/p>\n","protected":false},"excerpt":{"rendered":"<p>Las tarifas de electricidad sufrir&aacute;n un incremento de 1,5% a partir de este s&aacute;bado en la regi&oacute;n metropolitana, mientras que las de gas subir&aacute;n 1,6% promedio en el resto del pa&iacute;s. Las medidas fueron dispuestas a trav&eacute;s de una serie de resoluciones de la secretar&iacute;a de Energ&iacute;a, del ENARGAS y del ENRE que fueron publicadas [&hellip;]<\/p>\n","protected":false},"author":2,"featured_media":11199,"comment_status":"open","ping_status":"open","sticky":false,"template":"","format":"standard","meta":{"footnotes":""},"categories":[5,176,726],"tags":[622,624,2188,1046,5149,1137],"class_list":["post-11198","post","type-post","status-publish","format-standard","has-post-thumbnail","hentry","category-nacionales","category-politica","category-sociedad","tag-aumento","tag-gas","tag-interior","tag-luz","tag-metropolitana","tag-region"],"_links":{"self":[{"href":"https:\/\/partediario.com.ar\/index.php?rest_route=\/wp\/v2\/posts\/11198","targetHints":{"allow":["GET"]}}],"collection":[{"href":"https:\/\/partediario.com.ar\/index.php?rest_route=\/wp\/v2\/posts"}],"about":[{"href":"https:\/\/partediario.com.ar\/index.php?rest_route=\/wp\/v2\/types\/post"}],"author":[{"embeddable":true,"href":"https:\/\/partediario.com.ar\/index.php?rest_route=\/wp\/v2\/users\/2"}],"replies":[{"embeddable":true,"href":"https:\/\/partediario.com.ar\/index.php?rest_route=%2Fwp%2Fv2%2Fcomments&post=11198"}],"version-history":[{"count":1,"href":"https:\/\/partediario.com.ar\/index.php?rest_route=\/wp\/v2\/posts\/11198\/revisions"}],"predecessor-version":[{"id":11200,"href":"https:\/\/partediario.com.ar\/index.php?rest_route=\/wp\/v2\/posts\/11198\/revisions\/11200"}],"wp:featuredmedia":[{"embeddable":true,"href":"https:\/\/partediario.com.ar\/index.php?rest_route=\/wp\/v2\/media\/11199"}],"wp:attachment":[{"href":"https:\/\/partediario.com.ar\/index.php?rest_route=%2Fwp%2Fv2%2Fmedia&parent=11198"}],"wp:term":[{"taxonomy":"category","embeddable":true,"href":"https:\/\/partediario.com.ar\/index.php?rest_route=%2Fwp%2Fv2%2Fcategories&post=11198"},{"taxonomy":"post_tag","embeddable":true,"href":"https:\/\/partediario.com.ar\/index.php?rest_route=%2Fwp%2Fv2%2Ftags&post=11198"}],"curies":[{"name":"wp","href":"https:\/\/api.w.org\/{rel}","templated":true}]}}