{"id":11201,"date":"2025-01-31T11:42:16","date_gmt":"2025-01-31T14:42:16","guid":{"rendered":"https:\/\/partediario.com.ar\/?p=11201"},"modified":"2025-02-01T13:05:04","modified_gmt":"2025-02-01T16:05:04","slug":"recuperaron-las-cajas-negras-del-avion-siniestrado-en-washington","status":"publish","type":"post","link":"https:\/\/partediario.com.ar\/?p=11201","title":{"rendered":"Recuperaron las cajas negras del avi\u00f3n siniestrado en Washington"},"content":{"rendered":"\n<h2 class=\"wp-block-heading\">Las dos cajas negras del avi\u00f3n de pasajeros que se estrell\u00f3 en Washington el mi\u00e9rcoles por la noche luego de chocar con un helic\u00f3ptero del ej\u00e9rcito fueron encontradas, de acuerdo a informaci\u00f3n brindada por medios estadounidense.<\/h2>\n\n\n\n<p>Seg\u00fan indic\u00f3 el sitio DW, los investigadores recuperaron el grabador de voces de la cabina del piloto y el registrador de datos de vuelo, que ser\u00e1n analizados por la Junta Nacional de Seguridad en el Transporte, a cargo de la investigaci\u00f3n, seg\u00fan se\u00f1alaron fuentes an\u00f3nimas a CBS News y ABC News.<\/p>\n\n\n\n<p>Por su parte, el portavoz de la NTSB, Peter Knudson, dijo a USA Today que no hay grabadoras adicionales en el avi\u00f3n y que los investigadores est\u00e1n buscando la grabadora del helic\u00f3ptero.<\/p>\n\n\n\n<p>Mientras que el secretario de Defensa, Pete Hegseth, precis\u00f3 que el helic\u00f3ptero militar Black Hawk, con tres personas a bordo, realizaba un vuelo de entrenamiento y su tripulaci\u00f3n era \u00abbastante experimentada\u201d.<\/p>\n\n\n\n<p>Los investigadores federales de aviaci\u00f3n prometieron m\u00e1s temprano que \u00abencontrar\u00e1n la causa de la tr\u00e1gica colisi\u00f3n\u00bb entre el helic\u00f3ptero y el avi\u00f3n que provoc\u00f3 la muerte de 67 personas.<\/p>\n","protected":false},"excerpt":{"rendered":"<p>Las dos cajas negras del avi&oacute;n de pasajeros que se estrell&oacute; en Washington el mi&eacute;rcoles por la noche luego de chocar con un helic&oacute;ptero del ej&eacute;rcito fueron encontradas, de acuerdo a informaci&oacute;n brindada por medios estadounidense. Seg&uacute;n indic&oacute; el sitio DW, los investigadores recuperaron el grabador de voces de la cabina del piloto y el [&hellip;]<\/p>\n","protected":false},"author":2,"featured_media":11202,"comment_status":"open","ping_status":"open","sticky":false,"template":"","format":"standard","meta":{"footnotes":""},"categories":[9,726],"tags":[2245,688,5150,5020,1084],"class_list":["post-11201","post","type-post","status-publish","format-standard","has-post-thumbnail","hentry","category-internacionales","category-sociedad","tag-avion","tag-caja","tag-negra","tag-siniestrado","tag-washington"],"_links":{"self":[{"href":"https:\/\/partediario.com.ar\/index.php?rest_route=\/wp\/v2\/posts\/11201","targetHints":{"allow":["GET"]}}],"collection":[{"href":"https:\/\/partediario.com.ar\/index.php?rest_route=\/wp\/v2\/posts"}],"about":[{"href":"https:\/\/partediario.com.ar\/index.php?rest_route=\/wp\/v2\/types\/post"}],"author":[{"embeddable":true,"href":"https:\/\/partediario.com.ar\/index.php?rest_route=\/wp\/v2\/users\/2"}],"replies":[{"embeddable":true,"href":"https:\/\/partediario.com.ar\/index.php?rest_route=%2Fwp%2Fv2%2Fcomments&post=11201"}],"version-history":[{"count":1,"href":"https:\/\/partediario.com.ar\/index.php?rest_route=\/wp\/v2\/posts\/11201\/revisions"}],"predecessor-version":[{"id":11203,"href":"https:\/\/partediario.com.ar\/index.php?rest_route=\/wp\/v2\/posts\/11201\/revisions\/11203"}],"wp:featuredmedia":[{"embeddable":true,"href":"https:\/\/partediario.com.ar\/index.php?rest_route=\/wp\/v2\/media\/11202"}],"wp:attachment":[{"href":"https:\/\/partediario.com.ar\/index.php?rest_route=%2Fwp%2Fv2%2Fmedia&parent=11201"}],"wp:term":[{"taxonomy":"category","embeddable":true,"href":"https:\/\/partediario.com.ar\/index.php?rest_route=%2Fwp%2Fv2%2Fcategories&post=11201"},{"taxonomy":"post_tag","embeddable":true,"href":"https:\/\/partediario.com.ar\/index.php?rest_route=%2Fwp%2Fv2%2Ftags&post=11201"}],"curies":[{"name":"wp","href":"https:\/\/api.w.org\/{rel}","templated":true}]}}