{"id":11210,"date":"2025-02-01T12:28:49","date_gmt":"2025-02-01T15:28:49","guid":{"rendered":"https:\/\/partediario.com.ar\/?p=11210"},"modified":"2025-02-02T14:20:06","modified_gmt":"2025-02-02T17:20:06","slug":"javier-milei-creo-una-condecoracion-y-homenajeara-al-delivery-en-asesinado-en-moreno","status":"publish","type":"post","link":"https:\/\/partediario.com.ar\/?p=11210","title":{"rendered":"Javier Milei cre\u00f3 una condecoraci\u00f3n y homenajear\u00e1 al delivery en asesinado en Moreno"},"content":{"rendered":"\n<h2 class=\"wp-block-heading\">El gobierno confirm\u00f3 la creaci\u00f3n de la \u201cCondecoraci\u00f3n al Valor del Hombre Com\u00fan\u201d, en homenaje al repartidor que fue asesinado en la localidad bonaerense de Moreno.<\/h2>\n\n\n\n<p>As\u00ed lo anunci\u00f3 el presidente Javier Milei a trav\u00e9s de un mensaje que poste\u00f3 en su cuenta en la red social X, con el t\u00edtulo \u201cUn h\u00e9roe se fue al cielo\u201d.<\/p>\n\n\n\n<p><\/p>\n\n\n\n<blockquote class=\"twitter-tweet\"><p lang=\"es\" dir=\"ltr\">UN H\u00c9ROE SE FUE AL CIELO<br><br>Hoy mataron a Lucas Aguilar, un repartidor de Moreno que defendi\u00f3 a un vendedor ambulante de un asalto. El vendedor ambulante fue APU\u00d1ALADO pero sobrevivi\u00f3 gracias a Lucas. LUCAS HIZO EL SACRIFICIO M\u00c1XIMO POR UN DESCONOCIDO, ENTREG\u00d3 SU VIDA PARA\u2026<\/p>&mdash; Javier Milei (@JMilei) <a href=\"https:\/\/twitter.com\/JMilei\/status\/1885484248812900856?ref_src=twsrc%5Etfw\">February 1, 2025<\/a><\/blockquote> <script async src=\"https:\/\/platform.twitter.com\/widgets.js\" charset=\"utf-8\"><\/script>\n\n\n\n<p><\/p>\n\n\n\n<p>\u00abMataron a Lucas Aguilar, un repartidor de Moreno, quien defendi\u00f3 a un vendedor ambulante de un asalto. El vendedor ambulante fue apu\u00f1alado pero sobrevivi\u00f3 gracias a Lucas\u00bb, destac\u00f3 el mandatario.<\/p>\n\n\n\n<p>Y remarc\u00f3 que \u00abLucas hizo el sacrificio m\u00e1ximo por un desconocido, entreg\u00f3 su vida para defenderlo\u00bb<\/p>\n\n\n\n<p>\u00abEn consecuencia, y para honrar su valor, crearemos la Condecoraci\u00f3n al Valor del Hombre Com\u00fan, entregada por el Presidente de la Naci\u00f3n, y el primero en recibirla, p\u00f3stumamente, ser\u00e1 Lucas Aguilar\u00bb, indic\u00f3.<\/p>\n\n\n\n<p>En esa l\u00ednea, el jefe de Estado indic\u00f3 que \u00abLucas es un H\u00e9roe y una inspiraci\u00f3n para todo el pueblo argentino y en particular para los bonaerenses, que ante la desidia, la inoperancia y el garantismo del gobernador (Axel) Kicillof, est\u00e1 sufriendo una catastr\u00f3fica ola de inseguridad que est\u00e1 terminando en un ba\u00f1o de sangre para la gente com\u00fan\u00bb.<\/p>\n\n\n\n<p>Cabe destacar que Aguilar, de 20 a\u00f1os, fue asesinado este jueves de siete pu\u00f1aladas por Luis Benjam\u00edn Ben\u00edtez, quien est\u00e1 detenido y cuenta con antecedentes penales.<\/p>\n\n\n\n<p>Todo se inici\u00f3 cuando el agresor discuti\u00f3 con un comerciante callejero. Cuando la pelea se torn\u00f3 m\u00e1s agresiva Ben\u00edtez sac\u00f3 un cuchillo y lo atac\u00f3. Fue all\u00ed cuando el joven comenz\u00f3 a perseguirlo pero el agresor lo intercept\u00f3 y le asest\u00f3 siete pu\u00f1aladas.<\/p>\n\n\n\n<p>Sobre el vendedor, Leonardo Ernesto Merollo, de 32, en estos momentos se encuentra internado con heridas de arma blanca en el t\u00f3rax y el abdomen.<\/p>\n","protected":false},"excerpt":{"rendered":"<p>El gobierno confirm&oacute; la creaci&oacute;n de la &ldquo;Condecoraci&oacute;n al Valor del Hombre Com&uacute;n&rdquo;, en homenaje al repartidor que fue asesinado en la localidad bonaerense de Moreno. As&iacute; lo anunci&oacute; el presidente Javier Milei a trav&eacute;s de un mensaje que poste&oacute; en su cuenta en la red social X, con el t&iacute;tulo &ldquo;Un h&eacute;roe se fue [&hellip;]<\/p>\n","protected":false},"author":2,"featured_media":11211,"comment_status":"open","ping_status":"open","sticky":false,"template":"","format":"standard","meta":{"footnotes":""},"categories":[5,7,176],"tags":[2332,5158,1676,232,5159,5157],"class_list":["post-11210","post","type-post","status-publish","format-standard","has-post-thumbnail","hentry","category-nacionales","category-policiales","category-politica","tag-condecoracion","tag-delivery","tag-homenaje","tag-javier-milei","tag-lucas-aguilar","tag-moreno"],"_links":{"self":[{"href":"https:\/\/partediario.com.ar\/index.php?rest_route=\/wp\/v2\/posts\/11210","targetHints":{"allow":["GET"]}}],"collection":[{"href":"https:\/\/partediario.com.ar\/index.php?rest_route=\/wp\/v2\/posts"}],"about":[{"href":"https:\/\/partediario.com.ar\/index.php?rest_route=\/wp\/v2\/types\/post"}],"author":[{"embeddable":true,"href":"https:\/\/partediario.com.ar\/index.php?rest_route=\/wp\/v2\/users\/2"}],"replies":[{"embeddable":true,"href":"https:\/\/partediario.com.ar\/index.php?rest_route=%2Fwp%2Fv2%2Fcomments&post=11210"}],"version-history":[{"count":1,"href":"https:\/\/partediario.com.ar\/index.php?rest_route=\/wp\/v2\/posts\/11210\/revisions"}],"predecessor-version":[{"id":11212,"href":"https:\/\/partediario.com.ar\/index.php?rest_route=\/wp\/v2\/posts\/11210\/revisions\/11212"}],"wp:featuredmedia":[{"embeddable":true,"href":"https:\/\/partediario.com.ar\/index.php?rest_route=\/wp\/v2\/media\/11211"}],"wp:attachment":[{"href":"https:\/\/partediario.com.ar\/index.php?rest_route=%2Fwp%2Fv2%2Fmedia&parent=11210"}],"wp:term":[{"taxonomy":"category","embeddable":true,"href":"https:\/\/partediario.com.ar\/index.php?rest_route=%2Fwp%2Fv2%2Fcategories&post=11210"},{"taxonomy":"post_tag","embeddable":true,"href":"https:\/\/partediario.com.ar\/index.php?rest_route=%2Fwp%2Fv2%2Ftags&post=11210"}],"curies":[{"name":"wp","href":"https:\/\/api.w.org\/{rel}","templated":true}]}}