{"id":11216,"date":"2025-02-01T12:48:48","date_gmt":"2025-02-01T15:48:48","guid":{"rendered":"https:\/\/partediario.com.ar\/?p=11216"},"modified":"2025-02-02T14:19:53","modified_gmt":"2025-02-02T17:19:53","slug":"quienes-son-los-funcionarios-y-personajes-que-quedaron-marginados-del-gobierno-liberal","status":"publish","type":"post","link":"https:\/\/partediario.com.ar\/?p=11216","title":{"rendered":"Quienes son los funcionarios y personajes que quedaron marginados del Gobierno liberal"},"content":{"rendered":"\n<h2 class=\"wp-block-heading\">Uno por uno, los funcionarios y personajes abonados a los escenarios de Milei que fueron echados del Gobierno nacional.<\/h2>\n\n\n\n<p>A poco m\u00e1s de un a\u00f1o de gobierno, el presidente Javier Milei se dej\u00f3 en el camino a varias figuras que lo acompa\u00f1aron en la campa\u00f1a electoral que inici\u00f3 en 2022 y termin\u00f3 con la victoria en el balotaje contra el peronista Sergio Massa, el 19 de noviembre de 2023.<\/p>\n\n\n\n<p>La m\u00e1s reciente fue la del legislador porte\u00f1o Ramiro Marra, uno dirigente que directamente fue expulsado de La Libertad Avanza (LLA), un espacio del cual fue cofundador.<\/p>\n\n\n\n<p>Sin embargo, la eyecci\u00f3n de Marra no sorprendi\u00f3 a nadie. El analista financiero y due\u00f1o de un reconocido br\u00f3ker de bolsa fue corrido r\u00e1pidamente de la conducci\u00f3n del bloque libertario en el inicio de la gesti\u00f3n de Milei a pedido de la secretaria General de la Presidencia, Karina Milei, con quien manten\u00eda una complicada relaci\u00f3n.<\/p>\n\n\n\n<p>En su lugar, la hermana del mandatario empoder\u00f3 a Pilar Ram\u00edrez, controvertida por su pasado como funcionaria kirchnerista. Luego de su paso por el sciolismo, desembarc\u00f3 en Aerol\u00edneas Argentinas en el per\u00edodo gestionado por el camporista Mariano Recalde.<\/p>\n\n\n\n<p>Le critican a Marra, seg\u00fan reza el comunicado oficial del partido, que incumpli\u00f3 con las premisas de Milei al votar el presupuesto del jefe de Gobierno, Jorge Macri. El libertario se defendi\u00f3, dijo que le sorprendi\u00f3 y advirti\u00f3 que no se quedar\u00e1 callado. Lo destacable es que por citar un ejemplo Rebecca Fleitas vot\u00f3 de igual forma y no fue desafactada de la LLA.<\/p>\n\n\n\n<p>Quien tambi\u00e9n debi\u00f3 dejar el Ejecutivo fue la experta en finanzas Diana Mondino. Asumi\u00f3 como ministra de Relaciones Exteriores, pero su poder estaba tutelado tambi\u00e9n por una alfil de Karina Milei, \u00darsula Basset.<\/p>\n\n\n\n<p>Mondino nunca logr\u00f3 hacer pie en el Gobierno. Cometi\u00f3 serios y varios errores y estuvo, casi todo su a\u00f1o de gesti\u00f3n, en el ojo de la tormenta por estos mismos. Su salida se sell\u00f3 tras una votaci\u00f3n en la ONU a contramano de Israel y Estados Unidos.<\/p>\n\n\n\n<p>Otro de los que vol\u00f3 del espacio fue el diputado Oscar Zago. Fue despu\u00e9s de la ca\u00edda de la primera ley de Bases, que lleg\u00f3 a votarse en general, pero se cay\u00f3 en su votaci\u00f3n en particular en una marat\u00f3nica sesi\u00f3n.<\/p>\n\n\n\n<p>El legislador fue reemplazado por Gabriel Bornoroni, un cordob\u00e9s al que casi no se le conoce la voz; tiene discursos breves, pero que recibi\u00f3 la bendici\u00f3n m\u00e1s importante: la de Karina Milei. Hasta participa del armado libertario en la provincia mediterr\u00e1nea.<\/p>\n\n\n\n<p>En esta lista de legisladores nacionales desafectados entra Marcela Pagano, que sigue en el bloque libertario, pero que intent\u00f3 atornillarse a la Comisi\u00f3n de Juicio Pol\u00edtico. En una escandalosa acci\u00f3n, se suspendi\u00f3 su conformaci\u00f3n por un llamado de Mart\u00edn Menem, presidente de la C\u00e1mara baja.<\/p>\n\n\n\n<p>Todos las miras apuntaron a una orden de Karina Milei. La comisi\u00f3n qued\u00f3 en la nada misma y Pagano internada y enfrentada con la hermana menor de los Milei. A pesar de esto, la periodista baj\u00f3 el perfil y se acopl\u00f3 a la l\u00ednea libertaria proveniente de Balcarce 50.<\/p>\n\n\n\n<p>Carolina P\u00edparo fue una de las figuras centrales en la campa\u00f1a de Milei siendo su candidata, nada m\u00e1s y nada menos, que a la Gobernaci\u00f3n de Buenos Aires, con un gran rendimiento para una fuerza, pero con poca estructura partidaria en suelo bonaerense.<\/p>\n\n\n\n<p>Antes las primeras divergencias marcadas en votaciones en la C\u00e1mara de Diputados, P\u00edparo fue cruzada por todo el arco libertario y, principalmente, los tuiteros estrellas avalados por la Casa de Gobierno.<\/p>\n\n\n\n<p>A pesar de ellos, P\u00edparo mantuvo una l\u00ednea y demostr\u00f3 disciplina al poder central. Lo que le permiti\u00f3 sumarse al bloque libertario sobre el final del a\u00f1o y posteriormente a la renuncia del mismo de Lourdes Arrieta, la joven conocida \u00fanicamente por el patito en su pelo y su visita al represor Alfredo Astiz.<\/p>\n\n\n\n<p>La lista de eliminados del c\u00edrculo que sub\u00eda a los escenarios, y que triunf\u00f3 en las generales de 2023, se cierra con la vicepresidenta Victoria Villarruel, el ex periodista y armar de Milei, Carlos Kikuchi y Nicol\u00e1s Posse.<\/p>\n\n\n\n<p>Villarruel mantiene una dif\u00edcil relaci\u00f3n con la Casa Rosada desde antes del inicio de la gesti\u00f3n. Su declaraci\u00f3n sobre el jamoncito pint\u00f3 su v\u00ednculo con Karina Milei y anticip\u00f3 la complicada relaci\u00f3n entre la f\u00f3rmula presidencial a lo largo del 2024.<\/p>\n\n\n\n<p>Desde el Gobierno dejaron trascender meses atr\u00e1s que ya no forma parte de ninguna decisi\u00f3n y que tiene solo un protagonismo por el rol institucional que ocupa en la Presidencia del Senado de la Naci\u00f3n.<\/p>\n\n\n\n<p>Kikuchi quien supo manejar a diestra y siniestra el armado de la campa\u00f1a nacional, qued\u00f3 relegado casi por completo desde el triunfo en las primarias de agosto de 2023. Quienes desembarcaron fueron otros como el ex jefe de Gabinete Posse y el asesor monotributista Santiago Caputo.<\/p>\n\n\n\n<p>A Kikuchi se le reclam\u00f3 el precario armado y la presunta venta de candidaturas, denuncia que sobrevol\u00f3 a lo largo del tramo final de campa\u00f1a. Mientras que el poder de Posse fue esmerilado por la concentraci\u00f3n de poder, algo que habr\u00eda irritado una vez m\u00e1s a Karina Milei.<\/p>\n\n\n\n<p>M\u00e1s all\u00e1 de estos nombres, que estuvieron m\u00e1s presente en los escenarios mile\u00edstas y le dieron forma al experimento que termin\u00f3 con Javier Milei como jefe de Estado, hay otros cuadros que quedaron en el camino.<\/p>\n\n\n\n<p>Por ejemplo: el abogado Carlos Maslat\u00f3n; los economistas Emilio Ocampo, Carlos Rodr\u00edguez; los influencers I\u00f1aki Guti\u00e9rrez y Eugenio Rol\u00f3n, que duraron apenas algunas semanas en Casa Rosada.<\/p>\n","protected":false},"excerpt":{"rendered":"<p>Uno por uno, los funcionarios y personajes abonados a los escenarios de Milei que fueron echados del Gobierno nacional. A poco m&aacute;s de un a&ntilde;o de gobierno, el presidente Javier Milei se dej&oacute; en el camino a varias figuras que lo acompa&ntilde;aron en la campa&ntilde;a electoral que inici&oacute; en 2022 y termin&oacute; con la victoria [&hellip;]<\/p>\n","protected":false},"author":2,"featured_media":11217,"comment_status":"open","ping_status":"open","sticky":false,"template":"","format":"standard","meta":{"footnotes":""},"categories":[5,176],"tags":[5161,4047,224,232,263,1725,5160],"class_list":["post-11216","post","type-post","status-publish","format-standard","has-post-thumbnail","hentry","category-nacionales","category-politica","tag-echados","tag-funcionarios","tag-gobierno","tag-javier-milei","tag-karina-milei","tag-nacional","tag-personajes"],"_links":{"self":[{"href":"https:\/\/partediario.com.ar\/index.php?rest_route=\/wp\/v2\/posts\/11216","targetHints":{"allow":["GET"]}}],"collection":[{"href":"https:\/\/partediario.com.ar\/index.php?rest_route=\/wp\/v2\/posts"}],"about":[{"href":"https:\/\/partediario.com.ar\/index.php?rest_route=\/wp\/v2\/types\/post"}],"author":[{"embeddable":true,"href":"https:\/\/partediario.com.ar\/index.php?rest_route=\/wp\/v2\/users\/2"}],"replies":[{"embeddable":true,"href":"https:\/\/partediario.com.ar\/index.php?rest_route=%2Fwp%2Fv2%2Fcomments&post=11216"}],"version-history":[{"count":1,"href":"https:\/\/partediario.com.ar\/index.php?rest_route=\/wp\/v2\/posts\/11216\/revisions"}],"predecessor-version":[{"id":11218,"href":"https:\/\/partediario.com.ar\/index.php?rest_route=\/wp\/v2\/posts\/11216\/revisions\/11218"}],"wp:featuredmedia":[{"embeddable":true,"href":"https:\/\/partediario.com.ar\/index.php?rest_route=\/wp\/v2\/media\/11217"}],"wp:attachment":[{"href":"https:\/\/partediario.com.ar\/index.php?rest_route=%2Fwp%2Fv2%2Fmedia&parent=11216"}],"wp:term":[{"taxonomy":"category","embeddable":true,"href":"https:\/\/partediario.com.ar\/index.php?rest_route=%2Fwp%2Fv2%2Fcategories&post=11216"},{"taxonomy":"post_tag","embeddable":true,"href":"https:\/\/partediario.com.ar\/index.php?rest_route=%2Fwp%2Fv2%2Ftags&post=11216"}],"curies":[{"name":"wp","href":"https:\/\/api.w.org\/{rel}","templated":true}]}}