{"id":11230,"date":"2025-02-02T13:44:08","date_gmt":"2025-02-02T16:44:08","guid":{"rendered":"https:\/\/partediario.com.ar\/?p=11230"},"modified":"2025-02-03T10:39:42","modified_gmt":"2025-02-03T13:39:42","slug":"mientras-se-desarrollaba-la-marcha-federal-lgtbiq-karina-milei-realizo-una-jornada-de-afiliacion","status":"publish","type":"post","link":"https:\/\/partediario.com.ar\/?p=11230","title":{"rendered":"Mientras se desarrollaba la Marcha Federal LGTBIQ+, Karina Milei realiz\u00f3 una jornada de afiliaci\u00f3n"},"content":{"rendered":"\n<h2 class=\"wp-block-heading\">Con Karina Milei como figura principal, La Libertad Avanza llev\u00f3 adelante en la tarde del s\u00e1bado, una jornada de afiliaci\u00f3n masiva al partido en la Ciudad de Buenos Aires.<\/h2>\n\n\n\n<p>La misma se realiz\u00f3 desde las 17 en el barrio porte\u00f1o de Villa Devoto, simult\u00e1neamente a la masiva Marcha Federal antifascista en repudio a los pol\u00e9micos dichos del presidente Javier Milei en el Foro de Davos.<\/p>\n\n\n\n<p>Adem\u00e1s de \u00abEl Jefe\u00bb, como es apodada la hermana del Presidente, estuvieron presentes otros dirigentes de talla dentro del mileismo como la diputada Lilia Lemoine, la flamante titular del bloque en CABA, Pilar Ram\u00edrez (quien reemplaz\u00f3 al cesado Ramiro Marra) y el Director de Realizaciones Audiovisuales de la Presidencia, Santiago Or\u00eda.<\/p>\n\n\n\n<p>Con esta convocatoria en el inicio del a\u00f1o electoral, el oficialismo busca pisar fuerte en la Ciudad de Buenos Aires, territorio dominado en los \u00faltimos a\u00f1os por el PRO.<\/p>\n\n\n\n<p>El acto se da en medio de las complicadadas negociaciones entre el oficialismo y el espacio conducido por Mauricio Macri, por la estrategia electoral de cara a las elecciones legislativas.<\/p>\n","protected":false},"excerpt":{"rendered":"<p>Con Karina Milei como figura principal, La Libertad Avanza llev&oacute; adelante en la tarde del s&aacute;bado, una jornada de afiliaci&oacute;n masiva al partido en la Ciudad de Buenos Aires. La misma se realiz&oacute; desde las 17 en el barrio porte&ntilde;o de Villa Devoto, simult&aacute;neamente a la masiva Marcha Federal antifascista en repudio a los pol&eacute;micos [&hellip;]<\/p>\n","protected":false},"author":2,"featured_media":11231,"comment_status":"open","ping_status":"open","sticky":false,"template":"","format":"standard","meta":{"footnotes":""},"categories":[5,176],"tags":[5166,1245,263,5162,266,393,971],"class_list":["post-11230","post","type-post","status-publish","format-standard","has-post-thumbnail","hentry","category-nacionales","category-politica","tag-afiliaciones","tag-jornada","tag-karina-milei","tag-lgtbiq","tag-libertad-avanza","tag-lla","tag-marcha"],"_links":{"self":[{"href":"https:\/\/partediario.com.ar\/index.php?rest_route=\/wp\/v2\/posts\/11230","targetHints":{"allow":["GET"]}}],"collection":[{"href":"https:\/\/partediario.com.ar\/index.php?rest_route=\/wp\/v2\/posts"}],"about":[{"href":"https:\/\/partediario.com.ar\/index.php?rest_route=\/wp\/v2\/types\/post"}],"author":[{"embeddable":true,"href":"https:\/\/partediario.com.ar\/index.php?rest_route=\/wp\/v2\/users\/2"}],"replies":[{"embeddable":true,"href":"https:\/\/partediario.com.ar\/index.php?rest_route=%2Fwp%2Fv2%2Fcomments&post=11230"}],"version-history":[{"count":1,"href":"https:\/\/partediario.com.ar\/index.php?rest_route=\/wp\/v2\/posts\/11230\/revisions"}],"predecessor-version":[{"id":11232,"href":"https:\/\/partediario.com.ar\/index.php?rest_route=\/wp\/v2\/posts\/11230\/revisions\/11232"}],"wp:featuredmedia":[{"embeddable":true,"href":"https:\/\/partediario.com.ar\/index.php?rest_route=\/wp\/v2\/media\/11231"}],"wp:attachment":[{"href":"https:\/\/partediario.com.ar\/index.php?rest_route=%2Fwp%2Fv2%2Fmedia&parent=11230"}],"wp:term":[{"taxonomy":"category","embeddable":true,"href":"https:\/\/partediario.com.ar\/index.php?rest_route=%2Fwp%2Fv2%2Fcategories&post=11230"},{"taxonomy":"post_tag","embeddable":true,"href":"https:\/\/partediario.com.ar\/index.php?rest_route=%2Fwp%2Fv2%2Ftags&post=11230"}],"curies":[{"name":"wp","href":"https:\/\/api.w.org\/{rel}","templated":true}]}}