{"id":11236,"date":"2025-02-02T13:58:57","date_gmt":"2025-02-02T16:58:57","guid":{"rendered":"https:\/\/partediario.com.ar\/?p=11236"},"modified":"2025-02-03T10:39:30","modified_gmt":"2025-02-03T13:39:30","slug":"cristina-kirchner-critico-duramente-a-javier-milei-tras-la-marcha-del-orgullo-el-derecho-a-la-felicidad-es-el-limite-expreso","status":"publish","type":"post","link":"https:\/\/partediario.com.ar\/?p=11236","title":{"rendered":"Cristina Kirchner critic\u00f3 duramente a Javier Milei tras la Marcha del Orgullo: \u00abEl derecho a la felicidad es el l\u00edmite\u00bb, expres\u00f3"},"content":{"rendered":"\n<h2 class=\"wp-block-heading\">La expresidenta Cristina Fern\u00e1ndez de Kirchner hizo referencia a la Marcha del Orgullo Antifascista y Antirracista, que junt\u00f3 a miles de manifestantes en Buenos Aires y distintas ciudades del pa\u00eds en repudio a los dichos del presidente Javier Milei en el Foro de Davos y a su pol\u00edtica de derechos de g\u00e9nero e inclusi\u00f3n.<\/h2>\n\n\n\n<p>Por medio de un extenso mensaje en su cuenta de X, la expresidente subray\u00f3 que las dos marchas m\u00e1s multitudinarias en rechazo a las pol\u00edticas del gobierno libertario\u2014la del sistema universitario y la del Orgullo Antifascista\u2014 no fueron ideol\u00f3gicas, sino que reflejaron aspiraciones y emociones profundas de la sociedad argentina.<\/p>\n\n\n\n<p><\/p>\n\n\n\n<blockquote class=\"twitter-tweet\"><p lang=\"es\" dir=\"ltr\">LOS L\u00cdMITES<br><br>Las dos marchas m\u00e1s multitudinarias, plurales y transversales, en rechazo a pol\u00edticas gubernamentales de Milei o a sus exabruptos \u201cideol\u00f3gicos\u201d -con amenazas de clausura de derechos- no tuvieron que ver con la ideolog\u00eda, sino con ASPIRACIONES y EMOCIONES.<br><br>La marcha\u2026 <a href=\"https:\/\/t.co\/Y4kKOoKY1o\">pic.twitter.com\/Y4kKOoKY1o<\/a><\/p>&mdash; Cristina Kirchner (@CFKArgentina) <a href=\"https:\/\/twitter.com\/CFKArgentina\/status\/1886021869100249145?ref_src=twsrc%5Etfw\">February 2, 2025<\/a><\/blockquote> <script async src=\"https:\/\/platform.twitter.com\/widgets.js\" charset=\"utf-8\"><\/script>\n\n\n\n<p><\/p>\n\n\n\n<p>Cristina Kirchner remarc\u00f3 adem\u00e1s que la marcha en defensa de las universidades p\u00fablicas, realizada en abril, tuvo un car\u00e1cter transversal porque el acceso a la educaci\u00f3n superior es un sue\u00f1o de movilidad social ascendente. En el caso de la reciente manifestaci\u00f3n del colectivo LGBTIQ+, precis\u00f3 que la convocatoria original se centr\u00f3 en las agresiones del presidente hacia la diversidad, pero termin\u00f3 movilizando a sectores m\u00e1s amplios de la sociedad.<\/p>\n\n\n\n<p>\u00abLa deshumanizaci\u00f3n expresada por Milei, al desconocer que los sentimientos no tienen g\u00e9nero, galvaniz\u00f3 en el deseo y el derecho a la felicidad: de elegir con libertad la pareja con quien compartir la vida y, si lo desean, formar su familia\u00bb, apunt\u00f3.<\/p>\n\n\n\n<p>Concluyendo, la exmandataria sentenci\u00f3: \u00abEl derecho a la prosperidad y a la felicidad son los l\u00edmites que Milei no solo no podr\u00e1 violar, sino a los que, adem\u00e1s, deber\u00e1 dar respuesta m\u00e1s temprano que tarde\u00bb.<\/p>\n\n\n\n<p>La Marcha del Orgullo Antifascista y Antirracista se llev\u00f3 a cabo el s\u00e1bado y reuni\u00f3 a m\u00e1s de 80 mil personas en Buenos Aires, seg\u00fan los organizadores. Fue convocada luego del discurso de Milei en el Foro de Davos, donde el mandatario vincul\u00f3 la diversidad sexual con la pedofilia y critic\u00f3 al feminismo.<\/p>\n\n\n\n<p>Entre los asistentes estuvieron el gobernador bonaerense Axel Kicillof, el diputado M\u00e1ximo Kirchner, legisladores del peronismo y figuras del espect\u00e1culo como Lali Esp\u00f3sito, quien ha sido blanco de cr\u00edticas por parte del oficialismo, desde tiempo atr\u00e1s.<\/p>\n\n\n\n<p>Adem\u00e1s de la multitudinaria manifestaci\u00f3n en Argentina, ciudades como Roma, Berl\u00edn, Londres, Par\u00eds y Madrid fueron escenario de concentraciones de argentinos en apoyo a la marcha.<\/p>\n","protected":false},"excerpt":{"rendered":"<p>La expresidenta Cristina Fern&aacute;ndez de Kirchner hizo referencia a la Marcha del Orgullo Antifascista y Antirracista, que junt&oacute; a miles de manifestantes en Buenos Aires y distintas ciudades del pa&iacute;s en repudio a los dichos del presidente Javier Milei en el Foro de Davos y a su pol&iacute;tica de derechos de g&eacute;nero e inclusi&oacute;n. Por [&hellip;]<\/p>\n","protected":false},"author":2,"featured_media":11237,"comment_status":"open","ping_status":"open","sticky":false,"template":"","format":"standard","meta":{"footnotes":""},"categories":[5,176,726],"tags":[518,1461,5069,2399,232,5165],"class_list":["post-11236","post","type-post","status-publish","format-standard","has-post-thumbnail","hentry","category-nacionales","category-politica","category-sociedad","tag-cristina-kirchner","tag-criticas","tag-davos","tag-foro","tag-javier-milei","tag-marcha-orgullo"],"_links":{"self":[{"href":"https:\/\/partediario.com.ar\/index.php?rest_route=\/wp\/v2\/posts\/11236","targetHints":{"allow":["GET"]}}],"collection":[{"href":"https:\/\/partediario.com.ar\/index.php?rest_route=\/wp\/v2\/posts"}],"about":[{"href":"https:\/\/partediario.com.ar\/index.php?rest_route=\/wp\/v2\/types\/post"}],"author":[{"embeddable":true,"href":"https:\/\/partediario.com.ar\/index.php?rest_route=\/wp\/v2\/users\/2"}],"replies":[{"embeddable":true,"href":"https:\/\/partediario.com.ar\/index.php?rest_route=%2Fwp%2Fv2%2Fcomments&post=11236"}],"version-history":[{"count":1,"href":"https:\/\/partediario.com.ar\/index.php?rest_route=\/wp\/v2\/posts\/11236\/revisions"}],"predecessor-version":[{"id":11238,"href":"https:\/\/partediario.com.ar\/index.php?rest_route=\/wp\/v2\/posts\/11236\/revisions\/11238"}],"wp:featuredmedia":[{"embeddable":true,"href":"https:\/\/partediario.com.ar\/index.php?rest_route=\/wp\/v2\/media\/11237"}],"wp:attachment":[{"href":"https:\/\/partediario.com.ar\/index.php?rest_route=%2Fwp%2Fv2%2Fmedia&parent=11236"}],"wp:term":[{"taxonomy":"category","embeddable":true,"href":"https:\/\/partediario.com.ar\/index.php?rest_route=%2Fwp%2Fv2%2Fcategories&post=11236"},{"taxonomy":"post_tag","embeddable":true,"href":"https:\/\/partediario.com.ar\/index.php?rest_route=%2Fwp%2Fv2%2Ftags&post=11236"}],"curies":[{"name":"wp","href":"https:\/\/api.w.org\/{rel}","templated":true}]}}