{"id":11243,"date":"2025-02-02T14:12:40","date_gmt":"2025-02-02T17:12:40","guid":{"rendered":"https:\/\/partediario.com.ar\/?p=11243"},"modified":"2025-02-03T10:39:19","modified_gmt":"2025-02-03T13:39:19","slug":"a-mi-me-gusta-una-cgt-mas-combativa-apunto-recalde","status":"publish","type":"post","link":"https:\/\/partediario.com.ar\/?p=11243","title":{"rendered":"\u00abA m\u00ed me gusta una CGT m\u00e1s combativa\u00bb, apunt\u00f3 Recalde"},"content":{"rendered":"\n<h2 class=\"wp-block-heading\">El senador del Frente de Todos Mariano Recalde se\u00f1al\u00f3 que le gustar\u00eda \u201cuna CGT m\u00e1s combativa\u201d, y propuso ampliar el espacio opositor a las pol\u00edticas del presidente Javier Milei. Y ponder\u00f3 la convocatoria a la Marcha del Orgullo LGBT Antifascista, aunque descart\u00f3 que \u201chaya un clima social de rechazo al gobierno\u201d.<\/h2>\n\n\n\n<p>\u201cLa CGT est\u00e1 dando peleas sectoriales con distintos gremios. A m\u00ed me gusta una CGT m\u00e1s combativa, pero soy respetuoso de las decisiones de cada uno\u201d, indic\u00f3 en declaraciones radiales y a\u00f1adi\u00f3: \u201cUni\u00f3n por la Patria est\u00e1 dando la pelea, tratando de acumular esto que, salvo situaciones como la marcha de ayer, como el ajuste a las universidades, est\u00e1 dif\u00edcil\u201d.<\/p>\n\n\n\n<p>Asimismo, afirm\u00f3 que no hay otras convocatorias que tengan \u201cel nivel de adhesi\u00f3n y de apoyo que deber\u00eda tener con las cosas que est\u00e1n pasando\u201d, pero aclar\u00f3 que se debe a parte de los procesos hist\u00f3ricos.<\/p>\n\n\n\n<p>\u201cA esta altura del gobierno de Macri tambi\u00e9n est\u00e1bamos en una situaci\u00f3n similar. Son procesos, son etapas, y as\u00ed como hoy no veo que pol\u00edticamente todav\u00eda haya un clima social de rechazo al gobierno, me parece que tarde o temprano esto va a ir cambiando\u201d, agreg\u00f3.<\/p>\n\n\n\n<p>En las v\u00edsperas de las elecciones legislativas, Recalde pidi\u00f3 reforzar el bloque de Uni\u00f3n por la Patria en la C\u00e1mara de Diputados, y plante\u00f3 que si el Gobierno hace una buena elecci\u00f3n, \u201cva a ser complicado en los pr\u00f3ximos a\u00f1os\u201d.<\/p>\n\n\n\n<p>Se mostr\u00f3 a favor de avanzar en una convocatoria m\u00e1s amplia de sectores que rechacen las pol\u00edticas del Poder Ejecutivo para votar de forma conjunta contra las voluntades de Casa Rosada en el Congreso.<\/p>\n\n\n\n<p>\u201cSeguramente hay margen para pensar en alianzas m\u00e1s amplias, pero no veo un gran espectro como para ampliar demasiado\u201d, indic\u00f3, y acot\u00f3: \u201cBienvenido, siempre buscamos ampliar. La Ciudad de Buenos Aires es una muestra de c\u00f3mo venimos ampliando y juntando todo lo que da en contra de Macri\u201d.<\/p>\n\n\n\n<p>Luego de la movilizaci\u00f3n impulsada por el movimiento LGBT, el titular del Partido Justicialista porte\u00f1o critic\u00f3 a los sectores de la oposici\u00f3n que rechazan las cr\u00edticas de Milei a los homosexuales y al feminismo radical, pero destacan su plan econ\u00f3mico, y enfatiz\u00f3 en que el Poder Ejecutivo carga contra determinados colectivos para evitar exponer sus planes de ajuste.<\/p>\n\n\n\n<p>\u201cEspero que Javier Milei tome nota y d\u00e9 marcha atr\u00e1s con esta posici\u00f3n de confrontar con tanta violencia y con un discurso tan retr\u00f3grado. No tengo mucha esperanza, pero bueno\u201d, dijo, y finaliz\u00f3: \u201cBusca esto para que estemos hablando del tema mientras ajustan, pasan la motosierra, cierran hospitales, se pierden impuestos de trabajo, cierran empresas y avanzan con este plan econ\u00f3mico que tienen en la cabeza\u201d.<\/p>\n","protected":false},"excerpt":{"rendered":"<p>El senador del Frente de Todos Mariano Recalde se&ntilde;al&oacute; que le gustar&iacute;a &ldquo;una CGT m&aacute;s combativa&rdquo;, y propuso ampliar el espacio opositor a las pol&iacute;ticas del presidente Javier Milei. Y ponder&oacute; la convocatoria a la Marcha del Orgullo LGBT Antifascista, aunque descart&oacute; que &ldquo;haya un clima social de rechazo al gobierno&rdquo;. &ldquo;La CGT est&aacute; dando [&hellip;]<\/p>\n","protected":false},"author":2,"featured_media":11244,"comment_status":"open","ping_status":"open","sticky":false,"template":"","format":"standard","meta":{"footnotes":""},"categories":[5,176],"tags":[4313,226,5176,310,224,232,971,5175,5174],"class_list":["post-11243","post","type-post","status-publish","format-standard","has-post-thumbnail","hentry","category-nacionales","category-politica","tag-camara","tag-cgt","tag-combativa","tag-diputados","tag-gobierno","tag-javier-milei","tag-marcha","tag-mariano-recalde","tag-orgullo"],"_links":{"self":[{"href":"https:\/\/partediario.com.ar\/index.php?rest_route=\/wp\/v2\/posts\/11243","targetHints":{"allow":["GET"]}}],"collection":[{"href":"https:\/\/partediario.com.ar\/index.php?rest_route=\/wp\/v2\/posts"}],"about":[{"href":"https:\/\/partediario.com.ar\/index.php?rest_route=\/wp\/v2\/types\/post"}],"author":[{"embeddable":true,"href":"https:\/\/partediario.com.ar\/index.php?rest_route=\/wp\/v2\/users\/2"}],"replies":[{"embeddable":true,"href":"https:\/\/partediario.com.ar\/index.php?rest_route=%2Fwp%2Fv2%2Fcomments&post=11243"}],"version-history":[{"count":1,"href":"https:\/\/partediario.com.ar\/index.php?rest_route=\/wp\/v2\/posts\/11243\/revisions"}],"predecessor-version":[{"id":11245,"href":"https:\/\/partediario.com.ar\/index.php?rest_route=\/wp\/v2\/posts\/11243\/revisions\/11245"}],"wp:featuredmedia":[{"embeddable":true,"href":"https:\/\/partediario.com.ar\/index.php?rest_route=\/wp\/v2\/media\/11244"}],"wp:attachment":[{"href":"https:\/\/partediario.com.ar\/index.php?rest_route=%2Fwp%2Fv2%2Fmedia&parent=11243"}],"wp:term":[{"taxonomy":"category","embeddable":true,"href":"https:\/\/partediario.com.ar\/index.php?rest_route=%2Fwp%2Fv2%2Fcategories&post=11243"},{"taxonomy":"post_tag","embeddable":true,"href":"https:\/\/partediario.com.ar\/index.php?rest_route=%2Fwp%2Fv2%2Ftags&post=11243"}],"curies":[{"name":"wp","href":"https:\/\/api.w.org\/{rel}","templated":true}]}}