{"id":11262,"date":"2025-02-03T10:33:44","date_gmt":"2025-02-03T13:33:44","guid":{"rendered":"https:\/\/partediario.com.ar\/?p=11262"},"modified":"2025-02-04T11:38:33","modified_gmt":"2025-02-04T14:38:33","slug":"masiva-protesta-del-colectivo-lgbt-no-me-parece-que-haya-sido-una-marcha-significativa-senalo-francos","status":"publish","type":"post","link":"https:\/\/partediario.com.ar\/?p=11262","title":{"rendered":"Masiva protesta del colectivo LGBT: \u00abNo me parece que haya sido una marcha significativa\u00bb, se\u00f1al\u00f3 Francos"},"content":{"rendered":"\n<h2 class=\"wp-block-heading\">\u201cNo me parece que haya sido una marcha significativa contra todos los argentinos que no le prestan atenci\u00f3n a estas marchas porque saben que son cuestiones totalmente politizadas\u201d, manifest\u00f3 en declaraciones radiales.<\/h2>\n\n\n\n<p>Asimismo, plante\u00f3: \u201cLamento que se haya utilizado esto cuando de ninguna manera el Presidente ni nadie de su equipo tiene posiciones f\u00f3bicas contra un colectivo que sabemos que existe\u201d.<\/p>\n\n\n\n<p>\u201cSomos un gobierno liberal, promovemos el liberalismo y la libertad como eje de toda su acci\u00f3n pol\u00edtica y de su ideolog\u00eda\u201d, agreg\u00f3, y destac\u00f3: \u201cLe\u00ed y rele\u00ed el discurso del presidente en Davos y no encuentro una posici\u00f3n contra ese sector. Lamento mucho la mala interpretaci\u00f3n\u201d.<\/p>\n\n\n\n<p>El funcionario cuestion\u00f3 adem\u00e1s la presencia del gobernador de la provincia, Axel Kicillof, en la protesta luego de los episodios de inseguridad en su territorio. \u201cMe dio un poco de bronca la presencia del gobernador Kicillof en la marcha cuando la provincia est\u00e1 incendiada por los hechos de inseguridad\u201d, expres\u00f3.<\/p>\n\n\n\n<p>\u201cEs su responsabilidad. Est\u00e1n haciendo todo mal en la provincia y ojal\u00e1 el pueblo demuestre que la conducci\u00f3n pol\u00edtica es un desastre y que hay que cambiar\u201d, dijo.<\/p>\n\n\n\n<p>En otro momento de la entrevista, hizo eco de las cr\u00edticas de la dos veces presidenta Cristina Fern\u00e1ndez de Kirchner contra la gesti\u00f3n libertaria al sostener que su paso por el Poder Ejecutivo gener\u00f3 da\u00f1o a la Argentina. \u201cEl desarrollo que ha tenido el Estado a costa de la pobreza de los argentinos ha sido impresionante\u201d, mencion\u00f3.<\/p>\n\n\n\n<p>\u201cLa decadencia de este pa\u00eds ha sido enorme y no lo puede negar nadie. Tienen que hacerse cargo. Por m\u00e1s que mande un tuit de dos p\u00e1ginas, tratando de utilizar la verba que utilizaron, la realidad es la que es\u201d, dispar\u00f3.<\/p>\n\n\n\n<p>Finalizando, el funcionario reconoci\u00f3 que el oficialismo est\u00e1 a favor de la suspensi\u00f3n de las elecciones Primarias, Abiertas, Simult\u00e1neas y Obligatorias (PASO), de no conseguir los votos para cumplir el deseo de Casa Rosada de avanzar con su eliminaci\u00f3n.<\/p>\n\n\n\n<p>\u201cLa PASO es otra locura del gobierno de los Kirchner, que inventaron por una necesidad pol\u00edtica, pero la realidad es que no han servido para nada y tienen un costo enorme\u201d, asegur\u00f3, y finaliz\u00f3: \u201cNo tenemos los votos en el Congreso, no nos alcanza, pero si dan para suspender estamos seguros que en la pr\u00f3xima elecci\u00f3n vamos a tener m\u00e1s legisladores y m\u00e1s fuerza para eliminarlas definitivamente y poder avanzar en las reformas que nos faltan\u201d.<\/p>\n","protected":false},"excerpt":{"rendered":"<p>&ldquo;No me parece que haya sido una marcha significativa contra todos los argentinos que no le prestan atenci&oacute;n a estas marchas porque saben que son cuestiones totalmente politizadas&rdquo;, manifest&oacute; en declaraciones radiales. Asimismo, plante&oacute;: &ldquo;Lamento que se haya utilizado esto cuando de ninguna manera el Presidente ni nadie de su equipo tiene posiciones f&oacute;bicas contra [&hellip;]<\/p>\n","protected":false},"author":2,"featured_media":11263,"comment_status":"open","ping_status":"open","sticky":false,"template":"","format":"standard","meta":{"footnotes":""},"categories":[5,176],"tags":[1112,518,5069,2081,329,5182],"class_list":["post-11262","post","type-post","status-publish","format-standard","has-post-thumbnail","hentry","category-nacionales","category-politica","tag-axel-kicillof","tag-cristina-kirchner","tag-davos","tag-discurso","tag-guillermo-francos","tag-marcha-lgbtq"],"_links":{"self":[{"href":"https:\/\/partediario.com.ar\/index.php?rest_route=\/wp\/v2\/posts\/11262","targetHints":{"allow":["GET"]}}],"collection":[{"href":"https:\/\/partediario.com.ar\/index.php?rest_route=\/wp\/v2\/posts"}],"about":[{"href":"https:\/\/partediario.com.ar\/index.php?rest_route=\/wp\/v2\/types\/post"}],"author":[{"embeddable":true,"href":"https:\/\/partediario.com.ar\/index.php?rest_route=\/wp\/v2\/users\/2"}],"replies":[{"embeddable":true,"href":"https:\/\/partediario.com.ar\/index.php?rest_route=%2Fwp%2Fv2%2Fcomments&post=11262"}],"version-history":[{"count":1,"href":"https:\/\/partediario.com.ar\/index.php?rest_route=\/wp\/v2\/posts\/11262\/revisions"}],"predecessor-version":[{"id":11264,"href":"https:\/\/partediario.com.ar\/index.php?rest_route=\/wp\/v2\/posts\/11262\/revisions\/11264"}],"wp:featuredmedia":[{"embeddable":true,"href":"https:\/\/partediario.com.ar\/index.php?rest_route=\/wp\/v2\/media\/11263"}],"wp:attachment":[{"href":"https:\/\/partediario.com.ar\/index.php?rest_route=%2Fwp%2Fv2%2Fmedia&parent=11262"}],"wp:term":[{"taxonomy":"category","embeddable":true,"href":"https:\/\/partediario.com.ar\/index.php?rest_route=%2Fwp%2Fv2%2Fcategories&post=11262"},{"taxonomy":"post_tag","embeddable":true,"href":"https:\/\/partediario.com.ar\/index.php?rest_route=%2Fwp%2Fv2%2Ftags&post=11262"}],"curies":[{"name":"wp","href":"https:\/\/api.w.org\/{rel}","templated":true}]}}