{"id":11278,"date":"2025-02-04T11:10:40","date_gmt":"2025-02-04T14:10:40","guid":{"rendered":"https:\/\/partediario.com.ar\/?p=11278"},"modified":"2025-02-05T18:42:03","modified_gmt":"2025-02-05T21:42:03","slug":"johnny-depp-arribo-a-la-argentina-en-un-avion-privado-pilotado-por-antonio-laje","status":"publish","type":"post","link":"https:\/\/partediario.com.ar\/?p=11278","title":{"rendered":"Johnny Depp arrib\u00f3 a la Argentina en un avi\u00f3n privado pilotado por Antonio Laje"},"content":{"rendered":"\n<h2 class=\"wp-block-heading\">El actor de Hollywood aterriz\u00f3 ayer en nuestro pa\u00eds, pero se desconocen los motivos. Si bien se especula que se debe a la continuaci\u00f3n de sus vacaciones por la regi\u00f3n.<\/h2>\n\n\n\n<p>El actor del Hollywood Johnny Depp dej\u00f3 Uruguay, donde se estaba alojando en la casa que Vero Lozano tiene en Punta del Este, y viaj\u00f3 con destino a Argentina. El encargado de traer al artista a nuestro pa\u00eds fue nada m\u00e1s ni nadie menos que el periodista Antonio Laje.<\/p>\n\n\n\n<p><\/p>\n\n\n\n<figure class=\"wp-block-image size-full\"><img loading=\"lazy\" decoding=\"async\" width=\"528\" height=\"720\" src=\"https:\/\/partediario.com.ar\/wp-content\/uploads\/J-Deep.webp\" alt=\"\" class=\"wp-image-11279\" srcset=\"https:\/\/partediario.com.ar\/wp-content\/uploads\/J-Deep.webp 528w, https:\/\/partediario.com.ar\/wp-content\/uploads\/J-Deep-220x300.webp 220w\" sizes=\"auto, (max-width: 528px) 100vw, 528px\" \/><\/figure>\n\n\n\n<p><\/p>\n\n\n\n<figure class=\"wp-block-image size-full\"><img loading=\"lazy\" decoding=\"async\" width=\"406\" height=\"720\" src=\"https:\/\/partediario.com.ar\/wp-content\/uploads\/J-Deep-y-Laje.webp\" alt=\"\" class=\"wp-image-11280\" srcset=\"https:\/\/partediario.com.ar\/wp-content\/uploads\/J-Deep-y-Laje.webp 406w, https:\/\/partediario.com.ar\/wp-content\/uploads\/J-Deep-y-Laje-169x300.webp 169w\" sizes=\"auto, (max-width: 406px) 100vw, 406px\" \/><\/figure>\n\n\n\n<p><\/p>\n\n\n\n<p>Laje, adem\u00e1s de desempe\u00f1arse como periodista pol\u00edtico, es piloto comercial de un avi\u00f3n ejecutivo de tama\u00f1o medio fabricado por la compa\u00f1\u00eda estadounidense Bombardier, Learjet 60, desde 2017.<\/p>\n\n\n\n<p>El reconocido periodista comparti\u00f3 las im\u00e1genes del encuentro en su cuenta de Instagram y no tardaron en viralizarse por la impensada situaci\u00f3n.<\/p>\n\n\n\n<p>El actor y el piloto posaron juntos y abrazados afuera del avi\u00f3n privado. Despu\u00e9s se tomaron una selfie dentro de la Lear Jet mostr\u00e1ndose muy sonrientes.<\/p>\n\n\n\n<p>Si bien no hay confirmaci\u00f3n oficial sobre los motivos de su estad\u00eda en Argentina, se especula que Depp contin\u00faa con su recorrido por Sudam\u00e9rica en el marco de unas vacaciones privadas. La presencia del actor ha despertado curiosidad entre sus fan\u00e1ticos, quienes esperan m\u00e1s detalles sobre su itinerario en el pa\u00eds.<\/p>\n","protected":false},"excerpt":{"rendered":"<p>El actor de Hollywood aterriz&oacute; ayer en nuestro pa&iacute;s, pero se desconocen los motivos. Si bien se especula que se debe a la continuaci&oacute;n de sus vacaciones por la regi&oacute;n. El actor del Hollywood Johnny Depp dej&oacute; Uruguay, donde se estaba alojando en la casa que Vero Lozano tiene en Punta del Este, y viaj&oacute; [&hellip;]<\/p>\n","protected":false},"author":2,"featured_media":11281,"comment_status":"open","ping_status":"open","sticky":false,"template":"","format":"standard","meta":{"footnotes":""},"categories":[4329,5],"tags":[5196,411,5195,1431],"class_list":["post-11278","post","type-post","status-publish","format-standard","has-post-thumbnail","hentry","category-espectaculos","category-nacionales","tag-antonio-laje","tag-argentina","tag-johnny-depp","tag-vacaciones"],"_links":{"self":[{"href":"https:\/\/partediario.com.ar\/index.php?rest_route=\/wp\/v2\/posts\/11278","targetHints":{"allow":["GET"]}}],"collection":[{"href":"https:\/\/partediario.com.ar\/index.php?rest_route=\/wp\/v2\/posts"}],"about":[{"href":"https:\/\/partediario.com.ar\/index.php?rest_route=\/wp\/v2\/types\/post"}],"author":[{"embeddable":true,"href":"https:\/\/partediario.com.ar\/index.php?rest_route=\/wp\/v2\/users\/2"}],"replies":[{"embeddable":true,"href":"https:\/\/partediario.com.ar\/index.php?rest_route=%2Fwp%2Fv2%2Fcomments&post=11278"}],"version-history":[{"count":1,"href":"https:\/\/partediario.com.ar\/index.php?rest_route=\/wp\/v2\/posts\/11278\/revisions"}],"predecessor-version":[{"id":11282,"href":"https:\/\/partediario.com.ar\/index.php?rest_route=\/wp\/v2\/posts\/11278\/revisions\/11282"}],"wp:featuredmedia":[{"embeddable":true,"href":"https:\/\/partediario.com.ar\/index.php?rest_route=\/wp\/v2\/media\/11281"}],"wp:attachment":[{"href":"https:\/\/partediario.com.ar\/index.php?rest_route=%2Fwp%2Fv2%2Fmedia&parent=11278"}],"wp:term":[{"taxonomy":"category","embeddable":true,"href":"https:\/\/partediario.com.ar\/index.php?rest_route=%2Fwp%2Fv2%2Fcategories&post=11278"},{"taxonomy":"post_tag","embeddable":true,"href":"https:\/\/partediario.com.ar\/index.php?rest_route=%2Fwp%2Fv2%2Ftags&post=11278"}],"curies":[{"name":"wp","href":"https:\/\/api.w.org\/{rel}","templated":true}]}}