{"id":11283,"date":"2025-02-04T11:15:47","date_gmt":"2025-02-04T14:15:47","guid":{"rendered":"https:\/\/partediario.com.ar\/?p=11283"},"modified":"2025-02-05T18:41:53","modified_gmt":"2025-02-05T21:41:53","slug":"bukele-ofrecio-las-carceles-de-el-salvador-para-extranjeros-ilegales-en-estados-unidos-que-sean-criminales","status":"publish","type":"post","link":"https:\/\/partediario.com.ar\/?p=11283","title":{"rendered":"Bukele ofreci\u00f3 las c\u00e1rceles de El Salvador para extranjeros ilegales en Estados Unidos que sean criminales"},"content":{"rendered":"\n<h2 class=\"wp-block-heading\">El presidente de El Salvador, Nayib Bukele, acept\u00f3 este lunes que Estados Unidos pueda deportar a su pa\u00eds a migrantes indocumentados que cometan cr\u00edmenes graves y ofreci\u00f3 adem\u00e1s sus c\u00e1rceles para albergar a peligrosos delincuentes de nacionalidad estadounidense que est\u00e9n presos.<\/h2>\n\n\n\n<p>As\u00ed lo anunci\u00f3 el secretario de Estado de Estados Unidos, Marco Rubio, luego de casi tres horas de reuni\u00f3n con Bukele en la finca que el mandatario salvadore\u00f1o tiene en el lago de Coatepeque.<\/p>\n\n\n\n<p>De esta forma, Rubio se\u00f1al\u00f3 que acordaron que El Salvador acepte \u00abla deportaci\u00f3n de extranjeros ilegales en Estados Unidos que sean criminales de cualquier nacionalidad, ya sean del M-13 o del Tren de Aragua, y alojarlos en sus c\u00e1rceles\u00bb.<\/p>\n\n\n\n<p>Adem\u00e1s, sorprendi\u00f3 a la prensa al revelar que Bukele incluso se ofreci\u00f3 a \u00abalbergar en sus c\u00e1rceles a criminales estadounidenses peligrosos\u00bb que est\u00e9n presos en el pa\u00eds norteamericano, tanto los que tienen ciudadan\u00eda como los que tienen residencia legal en Estados Unidos.<\/p>\n\n\n\n<p>\u00abNing\u00fan pa\u00eds ha hecho jam\u00e1s una oferta de amistad como esta\u00bb, declar\u00f3 Rubio ante la prensa e indic\u00f3 que este mismo lunes habl\u00f3 con el presidente de Estados Unidos, Donald Trump, y asegur\u00f3 que la oferta de Bukele es \u00absolo una se\u00f1al del incre\u00edble amigo\u00bb que es para Estados Unidos.<\/p>\n","protected":false},"excerpt":{"rendered":"<p>El presidente de El Salvador, Nayib Bukele, acept&oacute; este lunes que Estados Unidos pueda deportar a su pa&iacute;s a migrantes indocumentados que cometan cr&iacute;menes graves y ofreci&oacute; adem&aacute;s sus c&aacute;rceles para albergar a peligrosos delincuentes de nacionalidad estadounidense que est&eacute;n presos. As&iacute; lo anunci&oacute; el secretario de Estado de Estados Unidos, Marco Rubio, luego de [&hellip;]<\/p>\n","protected":false},"author":2,"featured_media":11284,"comment_status":"open","ping_status":"open","sticky":false,"template":"","format":"standard","meta":{"footnotes":""},"categories":[9,176],"tags":[511,857,512,467,5030,5197],"class_list":["post-11283","post","type-post","status-publish","format-standard","has-post-thumbnail","hentry","category-internacionales","category-politica","tag-carceles","tag-donald-trump","tag-el-salvador","tag-estados-unidos","tag-marco-rubio","tag-nayb-bukele"],"_links":{"self":[{"href":"https:\/\/partediario.com.ar\/index.php?rest_route=\/wp\/v2\/posts\/11283","targetHints":{"allow":["GET"]}}],"collection":[{"href":"https:\/\/partediario.com.ar\/index.php?rest_route=\/wp\/v2\/posts"}],"about":[{"href":"https:\/\/partediario.com.ar\/index.php?rest_route=\/wp\/v2\/types\/post"}],"author":[{"embeddable":true,"href":"https:\/\/partediario.com.ar\/index.php?rest_route=\/wp\/v2\/users\/2"}],"replies":[{"embeddable":true,"href":"https:\/\/partediario.com.ar\/index.php?rest_route=%2Fwp%2Fv2%2Fcomments&post=11283"}],"version-history":[{"count":1,"href":"https:\/\/partediario.com.ar\/index.php?rest_route=\/wp\/v2\/posts\/11283\/revisions"}],"predecessor-version":[{"id":11285,"href":"https:\/\/partediario.com.ar\/index.php?rest_route=\/wp\/v2\/posts\/11283\/revisions\/11285"}],"wp:featuredmedia":[{"embeddable":true,"href":"https:\/\/partediario.com.ar\/index.php?rest_route=\/wp\/v2\/media\/11284"}],"wp:attachment":[{"href":"https:\/\/partediario.com.ar\/index.php?rest_route=%2Fwp%2Fv2%2Fmedia&parent=11283"}],"wp:term":[{"taxonomy":"category","embeddable":true,"href":"https:\/\/partediario.com.ar\/index.php?rest_route=%2Fwp%2Fv2%2Fcategories&post=11283"},{"taxonomy":"post_tag","embeddable":true,"href":"https:\/\/partediario.com.ar\/index.php?rest_route=%2Fwp%2Fv2%2Ftags&post=11283"}],"curies":[{"name":"wp","href":"https:\/\/api.w.org\/{rel}","templated":true}]}}