{"id":11286,"date":"2025-02-04T11:20:59","date_gmt":"2025-02-04T14:20:59","guid":{"rendered":"https:\/\/partediario.com.ar\/?p=11286"},"modified":"2025-02-05T18:41:49","modified_gmt":"2025-02-05T21:41:49","slug":"milei-ascendio-a-bullrich-como-ministra-de-seguridad-nacional","status":"publish","type":"post","link":"https:\/\/partediario.com.ar\/?p=11286","title":{"rendered":"Milei ascendi\u00f3 a Bullrich como ministra de \u00abSeguridad Nacional\u00bb"},"content":{"rendered":"\n<h2 class=\"wp-block-heading\">A trav\u00e9s del Decreto de Necesidad y Urgencia (DNU) 58\/2025, el Gobierno nacional dispuso modificaciones en la Ley de Ministerios con el objetivo de redefinir la estructura del gabinete y reorganizar funciones.<\/h2>\n\n\n\n<p>La norma establece el cambio de denominaci\u00f3n del Ministerio de Seguridad, que pasar\u00e1 a llamarse Ministerio de Seguridad Nacional, con el fin de resaltar su rol en la prevenci\u00f3n y lucha contra el narcotr\u00e1fico, la trata de personas y otros delitos de alta complejidad.<\/p>\n\n\n\n<p>De este modo, el presidente Javier Milei design\u00f3 hoy a Patricia Bullrich como nueva ministra de Seguridad Nacional, seg\u00fan lo establece el Decreto 59\/2025 publicado en el Bolet\u00edn Oficial.<\/p>\n\n\n\n<p>\u00abAtento a la experiencia recabada y a efectos de resaltar las competencias asignadas, resulta necesaria y urgente esta modificaci\u00f3n para adecuar el ministerio al cambio de paradigma en el concepto de seguridad\u00bb, indica el texto del decreto firmado por Milei.<\/p>\n\n\n\n<p>El gobierno libertario fundamenta la modificaci\u00f3n \u201cen concordancia con el cambio de paradigma del concepto \u201cSeguridad\u201d, donde la vida, la libertad y el patrimonio de las personas resultan los pilares fundamentales para el desarrollo de los proyectos de vida de cada individuo\u201d.<\/p>\n\n\n\n<p>Adem\u00e1s, el decreto suprime la Secretar\u00eda de Prensa de la Presidencia de la Naci\u00f3n, cuyas funciones ser\u00e1n absorbidas por la nueva Secretar\u00eda de Comunicaci\u00f3n y Medios.<\/p>\n\n\n\n<p>El gabinete presidencial quedar\u00e1 conformado por ocho ministerios: Relaciones Exteriores, Defensa, Econom\u00eda, Justicia, Seguridad Nacional, Salud, Capital Humano y Desregulaci\u00f3n y Transformaci\u00f3n del Estado.<\/p>\n\n\n\n<p>Se reestructuran adem\u00e1s, las Secretar\u00edas Presidenciales, que ser\u00e1n: General, Legal y T\u00e9cnica, Planeamiento Estrat\u00e9gico Normativo, Inteligencia de Estado, Comunicaci\u00f3n y Medios, y Cultura.<\/p>\n","protected":false},"excerpt":{"rendered":"<p>A trav&eacute;s del Decreto de Necesidad y Urgencia (DNU) 58\/2025, el Gobierno nacional dispuso modificaciones en la Ley de Ministerios con el objetivo de redefinir la estructura del gabinete y reorganizar funciones. La norma establece el cambio de denominaci&oacute;n del Ministerio de Seguridad, que pasar&aacute; a llamarse Ministerio de Seguridad Nacional, con el fin de [&hellip;]<\/p>\n","protected":false},"author":2,"featured_media":11287,"comment_status":"open","ping_status":"open","sticky":false,"template":"","format":"standard","meta":{"footnotes":""},"categories":[5,176],"tags":[4722,232,5198,1725,510,888],"class_list":["post-11286","post","type-post","status-publish","format-standard","has-post-thumbnail","hentry","category-nacionales","category-politica","tag-ascenso","tag-javier-milei","tag-ministra","tag-nacional","tag-patricia-bullrich","tag-seguridad"],"_links":{"self":[{"href":"https:\/\/partediario.com.ar\/index.php?rest_route=\/wp\/v2\/posts\/11286","targetHints":{"allow":["GET"]}}],"collection":[{"href":"https:\/\/partediario.com.ar\/index.php?rest_route=\/wp\/v2\/posts"}],"about":[{"href":"https:\/\/partediario.com.ar\/index.php?rest_route=\/wp\/v2\/types\/post"}],"author":[{"embeddable":true,"href":"https:\/\/partediario.com.ar\/index.php?rest_route=\/wp\/v2\/users\/2"}],"replies":[{"embeddable":true,"href":"https:\/\/partediario.com.ar\/index.php?rest_route=%2Fwp%2Fv2%2Fcomments&post=11286"}],"version-history":[{"count":1,"href":"https:\/\/partediario.com.ar\/index.php?rest_route=\/wp\/v2\/posts\/11286\/revisions"}],"predecessor-version":[{"id":11288,"href":"https:\/\/partediario.com.ar\/index.php?rest_route=\/wp\/v2\/posts\/11286\/revisions\/11288"}],"wp:featuredmedia":[{"embeddable":true,"href":"https:\/\/partediario.com.ar\/index.php?rest_route=\/wp\/v2\/media\/11287"}],"wp:attachment":[{"href":"https:\/\/partediario.com.ar\/index.php?rest_route=%2Fwp%2Fv2%2Fmedia&parent=11286"}],"wp:term":[{"taxonomy":"category","embeddable":true,"href":"https:\/\/partediario.com.ar\/index.php?rest_route=%2Fwp%2Fv2%2Fcategories&post=11286"},{"taxonomy":"post_tag","embeddable":true,"href":"https:\/\/partediario.com.ar\/index.php?rest_route=%2Fwp%2Fv2%2Ftags&post=11286"}],"curies":[{"name":"wp","href":"https:\/\/api.w.org\/{rel}","templated":true}]}}