{"id":11289,"date":"2025-02-04T11:24:19","date_gmt":"2025-02-04T14:24:19","guid":{"rendered":"https:\/\/partediario.com.ar\/?p=11289"},"modified":"2025-02-05T18:41:46","modified_gmt":"2025-02-05T21:41:46","slug":"francos-senalo-que-las-paso-son-un-desproposito-y-que-el-85-de-los-argentinos-esta-a-favor-de-eliminarlas","status":"publish","type":"post","link":"https:\/\/partediario.com.ar\/?p=11289","title":{"rendered":"Francos se\u00f1al\u00f3 que las PASO son un \u00abdesprop\u00f3sito\u00bb y que el 85% de los argentinos est\u00e1 a favor de eliminarlas"},"content":{"rendered":"\n<h2 class=\"wp-block-heading\">El jefe de Gabinete, Guillermo Francos, calific\u00f3 esta ma\u00f1ana como un \u201cdesprop\u00f3sito\u201d las Primarias Abiertas Simult\u00e1neas y Obligatorias (PASO), afirm\u00f3 adem\u00e1s, que seg\u00fan encuestas \u201cel 85 por ciento\u201d de la poblaci\u00f3n est\u00e1 a favor de suspenderlas o eliminarlas, y se\u00f1al\u00f3 que costar\u00e1n al pa\u00eds \u201cunos 200 millones de d\u00f3lares\u201d.<\/h2>\n\n\n\n<p>Francos dijo aguardar \u201cque el Congreso tome la decisi\u00f3n correcta, por lo menos de suspenderlas\u201d, al tiempo que ratific\u00f3 que la intenci\u00f3n del Gobierno es eliminarlas definitivamente, seg\u00fan se\u00f1alo en declaraciones a Radio Rivadavia.<\/p>\n\n\n\n<p>\u201cYo he le\u00eddo una encuesta la \u00faltima semana que marca que el 85 por ciento de los argentinos est\u00e1 de acuerdo con eliminar o suspender las PASO, es un n\u00famero contundente, de modo que tenemos consenso popular y tenemos un ahorro de 200 millones de d\u00f3lares\u201d, asegur\u00f3.<\/p>\n\n\n\n<p>Se\u00f1al\u00f3 que \u201cel Gobierno quiere eliminarlas, pero no tenemos votos propios suficientes. Si los tuvi\u00e9ramos las eliminar\u00edamos directamente, pero dependemos del apoyo que le den a la medida otros actores pol\u00edticos\u201d.<\/p>\n\n\n\n<p>M\u00e1s adelante advirti\u00f3 que si el Congreso no elimina ni suspende las PASO \u201cno es un rev\u00e9s para el Gobierno sino para todos los argentinos\u201d, porque un 85 por ciento de la ciudadan\u00eda \u201ces un n\u00famero contundente\u201d, y anticip\u00f3 que \u201chay muchos legisladores del justicialismo que est\u00e1n dispuestos a eliminar las PASO\u201d.<\/p>\n\n\n\n<p>Al repasar los votos de la oposici\u00f3n que se necesitan para aprobar la eliminaci\u00f3n, dijo que \u201caparentemente hay una interna entre dos sectores, no solo entre Cristina (Fern\u00e1ndez de Kirchner) y (el gobernador Axel) Kicillof, sino que adem\u00e1s est\u00e1n los gobernadores, y muchos tienen una visi\u00f3n diferente a la de Cristina\u201d.<\/p>\n\n\n\n<p>\u201cNo es solo el problema de la provincia de Buenos Aires, sino que tambi\u00e9n existe un problema de disputa de liderazgo. Sabemos que hay muchos legisladores justicialistas que est\u00e1n dispuestos a eliminar las PASO\u201d, concluy\u00f3.<\/p>\n","protected":false},"excerpt":{"rendered":"<p>El jefe de Gabinete, Guillermo Francos, calific&oacute; esta ma&ntilde;ana como un &ldquo;desprop&oacute;sito&rdquo; las Primarias Abiertas Simult&aacute;neas y Obligatorias (PASO), afirm&oacute; adem&aacute;s, que seg&uacute;n encuestas &ldquo;el 85 por ciento&rdquo; de la poblaci&oacute;n est&aacute; a favor de suspenderlas o eliminarlas, y se&ntilde;al&oacute; que costar&aacute;n al pa&iacute;s &ldquo;unos 200 millones de d&oacute;lares&rdquo;. Francos dijo aguardar &ldquo;que el Congreso [&hellip;]<\/p>\n","protected":false},"author":2,"featured_media":11290,"comment_status":"open","ping_status":"open","sticky":false,"template":"","format":"standard","meta":{"footnotes":""},"categories":[5,176],"tags":[329,1294],"class_list":["post-11289","post","type-post","status-publish","format-standard","has-post-thumbnail","hentry","category-nacionales","category-politica","tag-guillermo-francos","tag-paso"],"_links":{"self":[{"href":"https:\/\/partediario.com.ar\/index.php?rest_route=\/wp\/v2\/posts\/11289","targetHints":{"allow":["GET"]}}],"collection":[{"href":"https:\/\/partediario.com.ar\/index.php?rest_route=\/wp\/v2\/posts"}],"about":[{"href":"https:\/\/partediario.com.ar\/index.php?rest_route=\/wp\/v2\/types\/post"}],"author":[{"embeddable":true,"href":"https:\/\/partediario.com.ar\/index.php?rest_route=\/wp\/v2\/users\/2"}],"replies":[{"embeddable":true,"href":"https:\/\/partediario.com.ar\/index.php?rest_route=%2Fwp%2Fv2%2Fcomments&post=11289"}],"version-history":[{"count":1,"href":"https:\/\/partediario.com.ar\/index.php?rest_route=\/wp\/v2\/posts\/11289\/revisions"}],"predecessor-version":[{"id":11291,"href":"https:\/\/partediario.com.ar\/index.php?rest_route=\/wp\/v2\/posts\/11289\/revisions\/11291"}],"wp:featuredmedia":[{"embeddable":true,"href":"https:\/\/partediario.com.ar\/index.php?rest_route=\/wp\/v2\/media\/11290"}],"wp:attachment":[{"href":"https:\/\/partediario.com.ar\/index.php?rest_route=%2Fwp%2Fv2%2Fmedia&parent=11289"}],"wp:term":[{"taxonomy":"category","embeddable":true,"href":"https:\/\/partediario.com.ar\/index.php?rest_route=%2Fwp%2Fv2%2Fcategories&post=11289"},{"taxonomy":"post_tag","embeddable":true,"href":"https:\/\/partediario.com.ar\/index.php?rest_route=%2Fwp%2Fv2%2Ftags&post=11289"}],"curies":[{"name":"wp","href":"https:\/\/api.w.org\/{rel}","templated":true}]}}