{"id":11298,"date":"2025-02-04T11:37:55","date_gmt":"2025-02-04T14:37:55","guid":{"rendered":"https:\/\/partediario.com.ar\/?p=11298"},"modified":"2025-02-05T18:41:34","modified_gmt":"2025-02-05T21:41:34","slug":"el-gobierno-de-kicillof-cruzo-a-susana-gimenez-sabes-donde-se-construyen-nuevas-carceles-en-la-provincia-de-buenos-aires","status":"publish","type":"post","link":"https:\/\/partediario.com.ar\/?p=11298","title":{"rendered":"El gobierno de Kicillof cruz\u00f3 a Susana Gim\u00e9nez: \u201c\u00bfSab\u00e9s d\u00f3nde se construyen nuevas c\u00e1rceles? en la Provincia de Buenos Aires\u201d"},"content":{"rendered":"\n<h2 class=\"wp-block-heading\">Desde el gobierno de Axel Kicillof, el ministro Carlos Bianco, le contest\u00f3 a Susana Gim\u00e9nez, quien pidi\u00f3 que se construyan \u201cc\u00e1rceles como las de (Nayib)Bukele\u201d, presidente de El Salvador: \u201c\u00bfSab\u00e9s d\u00f3nde se construyen nuevas c\u00e1rceles? En la Provincia de Buenos Aires\u201d, destac\u00f3 el funcionario en redes sociales.<\/h2>\n\n\n\n<p>Asimismo, Bianco se\u00f1al\u00f3 que desde la asunci\u00f3n del mandatario provincial, se edificaron \u201c7.122 nuevas plazas\u201d y ampliaron el servicio penitenciario \u201ccon 6 alcaid\u00edas y 2 unidades m\u00e1s\u201d, multiplicando de este modo \u201cla capacidad hist\u00f3rica de la Provincia\u201d.<\/p>\n\n\n\n<p><\/p>\n\n\n\n<figure class=\"wp-block-image size-full\"><img loading=\"lazy\" decoding=\"async\" width=\"789\" height=\"720\" src=\"https:\/\/partediario.com.ar\/wp-content\/uploads\/S-Gimenez.webp\" alt=\"\" class=\"wp-image-11299\" srcset=\"https:\/\/partediario.com.ar\/wp-content\/uploads\/S-Gimenez.webp 789w, https:\/\/partediario.com.ar\/wp-content\/uploads\/S-Gimenez-300x274.webp 300w, https:\/\/partediario.com.ar\/wp-content\/uploads\/S-Gimenez-768x701.webp 768w\" sizes=\"auto, (max-width: 789px) 100vw, 789px\" \/><\/figure>\n\n\n\n<p><\/p>\n\n\n\n<p>Ayer, la conductora brind\u00f3 una entrevista al canal de cable TN donde, entre otras cosas, se\u00f1al\u00f3 que las c\u00e1rceles construidas por Bukele \u201cson brutales\u201d y que \u201cac\u00e1 est\u00e1n hacinados\u201d: \u201cAlgo quiere decir que \u00e9l haya bajado los homicidios de 2000 a cero\u201d, afirm\u00f3.<\/p>\n\n\n\n<p>En la misma nota hizo referencia al asesinato de su amigo y colaborador Gustavo Dami\u00e1n: \u201cCuando lo mataron de una forma cruel, sent\u00ed que no hay que ser hip\u00f3crita. Lo dije y lo repito: el que mata tiene que morir\u201d, remarc\u00f3.<\/p>\n\n\n\n<p>Desde el gobierno de Kicillof le respondieron a Susana Gim\u00e9nez: \u201c\u00bfSab\u00e9s d\u00f3nde se construyen nuevas c\u00e1rceles? en la Provincia de Buenos Aires\u201d<\/p>\n\n\n\n<p>Finalmente, se pronunci\u00f3 a favor de la gesti\u00f3n del presidente Javier Milei, y expres\u00f3 que tanto Estados Unidos como en el mundo \u201cya lo aceptaron\u201d y celebr\u00f3 que el mandatario \u201ccumpla con lo que prometi\u00f3 en campa\u00f1a\u201d.<\/p>\n\n\n\n<p>\u00abYo creo que est\u00e1 mejor, indudablemente mejor. Est\u00e1 sacando impuestos inveros\u00edmiles. Para m\u00ed, lo \u00fanico que le falta apretar un poco es la inseguridad. Me parece que est\u00e1 haciendo las cosas bien, ahora ya no me da verg\u00fcenza decir que soy argentina\u201d, finaliz\u00f3.<\/p>\n","protected":false},"excerpt":{"rendered":"<p>Desde el gobierno de Axel Kicillof, el ministro Carlos Bianco, le contest&oacute; a Susana Gim&eacute;nez, quien pidi&oacute; que se construyan &ldquo;c&aacute;rceles como las de (Nayib)Bukele&rdquo;, presidente de El Salvador: &ldquo;&iquest;Sab&eacute;s d&oacute;nde se construyen nuevas c&aacute;rceles? En la Provincia de Buenos Aires&rdquo;, destac&oacute; el funcionario en redes sociales. Asimismo, Bianco se&ntilde;al&oacute; que desde la asunci&oacute;n del [&hellip;]<\/p>\n","protected":false},"author":2,"featured_media":11300,"comment_status":"open","ping_status":"open","sticky":false,"template":"","format":"standard","meta":{"footnotes":""},"categories":[4329,5,176],"tags":[1112,721,511,3279,5203,513,496,3463],"class_list":["post-11298","post","type-post","status-publish","format-standard","has-post-thumbnail","hentry","category-espectaculos","category-nacionales","category-politica","tag-axel-kicillof","tag-buenos-aires","tag-carceles","tag-carlos-bianco","tag-constridas","tag-nayib-bukele","tag-provincia","tag-susana-gimenez"],"_links":{"self":[{"href":"https:\/\/partediario.com.ar\/index.php?rest_route=\/wp\/v2\/posts\/11298","targetHints":{"allow":["GET"]}}],"collection":[{"href":"https:\/\/partediario.com.ar\/index.php?rest_route=\/wp\/v2\/posts"}],"about":[{"href":"https:\/\/partediario.com.ar\/index.php?rest_route=\/wp\/v2\/types\/post"}],"author":[{"embeddable":true,"href":"https:\/\/partediario.com.ar\/index.php?rest_route=\/wp\/v2\/users\/2"}],"replies":[{"embeddable":true,"href":"https:\/\/partediario.com.ar\/index.php?rest_route=%2Fwp%2Fv2%2Fcomments&post=11298"}],"version-history":[{"count":1,"href":"https:\/\/partediario.com.ar\/index.php?rest_route=\/wp\/v2\/posts\/11298\/revisions"}],"predecessor-version":[{"id":11301,"href":"https:\/\/partediario.com.ar\/index.php?rest_route=\/wp\/v2\/posts\/11298\/revisions\/11301"}],"wp:featuredmedia":[{"embeddable":true,"href":"https:\/\/partediario.com.ar\/index.php?rest_route=\/wp\/v2\/media\/11300"}],"wp:attachment":[{"href":"https:\/\/partediario.com.ar\/index.php?rest_route=%2Fwp%2Fv2%2Fmedia&parent=11298"}],"wp:term":[{"taxonomy":"category","embeddable":true,"href":"https:\/\/partediario.com.ar\/index.php?rest_route=%2Fwp%2Fv2%2Fcategories&post=11298"},{"taxonomy":"post_tag","embeddable":true,"href":"https:\/\/partediario.com.ar\/index.php?rest_route=%2Fwp%2Fv2%2Ftags&post=11298"}],"curies":[{"name":"wp","href":"https:\/\/api.w.org\/{rel}","templated":true}]}}