{"id":11314,"date":"2025-02-04T19:57:34","date_gmt":"2025-02-04T22:57:34","guid":{"rendered":"https:\/\/partediario.com.ar\/?p=11314"},"modified":"2025-02-05T18:41:14","modified_gmt":"2025-02-05T21:41:14","slug":"mar-del-plata-vecinos-marchan-por-el-kiosquero-asesinado","status":"publish","type":"post","link":"https:\/\/partediario.com.ar\/?p=11314","title":{"rendered":"Mar del Plata: vecinos marchan por el kiosquero asesinado"},"content":{"rendered":"\n<h2 class=\"wp-block-heading\">Vecinos marchan para reclamar justicia por Cristian Vel\u00e1zquez, el kiosquero asesinado de un disparo en la cabeza en la ciudad de Mar del Plata.<\/h2>\n\n\n\n<p>Los vecinos se movilizan a las inmediaciones del comercio y exigen por m\u00e1s seguridad en la zona a ra\u00edz de los reiterados hechos de inseguridad.<\/p>\n\n\n\n<p><\/p>\n\n\n\n<figure class=\"wp-block-image size-large\"><img loading=\"lazy\" decoding=\"async\" width=\"1024\" height=\"682\" src=\"https:\/\/partediario.com.ar\/wp-content\/uploads\/MDP-2-1024x682.webp\" alt=\"\" class=\"wp-image-11315\" srcset=\"https:\/\/partediario.com.ar\/wp-content\/uploads\/MDP-2-1024x682.webp 1024w, https:\/\/partediario.com.ar\/wp-content\/uploads\/MDP-2-300x200.webp 300w, https:\/\/partediario.com.ar\/wp-content\/uploads\/MDP-2-768x512.webp 768w, https:\/\/partediario.com.ar\/wp-content\/uploads\/MDP-2.webp 1081w\" sizes=\"auto, (max-width: 1024px) 100vw, 1024px\" \/><\/figure>\n\n\n\n<p><\/p>\n\n\n\n<p>Hombres, mujeres y ni\u00f1os colocaron una bandera argentina y flores en el local de la avenida Jacinto Peralta Ramos al 700, entre Irala y Ortiz de Z\u00e1rate, a la vez que se mostraban con carteles y remeras que exigen: \u00abJusticia, condena m\u00e1xima para los delincuentes\u00bb y \u00abSeguridad para Mar del Plata\u00bb.<\/p>\n\n\n\n<p>Por el crimen del hombre de 50 a\u00f1os, la Polic\u00eda arrest\u00f3 a un sospechoso apodado \u00abNacho\u00bb en la puerta de su domicilio de la calle Cuba al 3000 del barrio Pueyrred\u00f3n, mientras que hay otro presunto delincuente identificado sobre el que pesa un pedido de captura y<br>que ser\u00eda conocido como \u00abEl Guach\u00edn\u00bb.<\/p>\n","protected":false},"excerpt":{"rendered":"<p>Vecinos marchan para reclamar justicia por Cristian Vel&aacute;zquez, el kiosquero asesinado de un disparo en la cabeza en la ciudad de Mar del Plata. Los vecinos se movilizan a las inmediaciones del comercio y exigen por m&aacute;s seguridad en la zona a ra&iacute;z de los reiterados hechos de inseguridad. Hombres, mujeres y ni&ntilde;os colocaron una [&hellip;]<\/p>\n","protected":false},"author":2,"featured_media":11316,"comment_status":"open","ping_status":"open","sticky":false,"template":"","format":"standard","meta":{"footnotes":""},"categories":[5,7],"tags":[746,5215,3668,2108,536],"class_list":["post-11314","post","type-post","status-publish","format-standard","has-post-thumbnail","hentry","category-nacionales","category-policiales","tag-asesinato","tag-kiosquero","tag-mar-del-plata","tag-marcharon","tag-vecinos"],"_links":{"self":[{"href":"https:\/\/partediario.com.ar\/index.php?rest_route=\/wp\/v2\/posts\/11314","targetHints":{"allow":["GET"]}}],"collection":[{"href":"https:\/\/partediario.com.ar\/index.php?rest_route=\/wp\/v2\/posts"}],"about":[{"href":"https:\/\/partediario.com.ar\/index.php?rest_route=\/wp\/v2\/types\/post"}],"author":[{"embeddable":true,"href":"https:\/\/partediario.com.ar\/index.php?rest_route=\/wp\/v2\/users\/2"}],"replies":[{"embeddable":true,"href":"https:\/\/partediario.com.ar\/index.php?rest_route=%2Fwp%2Fv2%2Fcomments&post=11314"}],"version-history":[{"count":1,"href":"https:\/\/partediario.com.ar\/index.php?rest_route=\/wp\/v2\/posts\/11314\/revisions"}],"predecessor-version":[{"id":11317,"href":"https:\/\/partediario.com.ar\/index.php?rest_route=\/wp\/v2\/posts\/11314\/revisions\/11317"}],"wp:featuredmedia":[{"embeddable":true,"href":"https:\/\/partediario.com.ar\/index.php?rest_route=\/wp\/v2\/media\/11316"}],"wp:attachment":[{"href":"https:\/\/partediario.com.ar\/index.php?rest_route=%2Fwp%2Fv2%2Fmedia&parent=11314"}],"wp:term":[{"taxonomy":"category","embeddable":true,"href":"https:\/\/partediario.com.ar\/index.php?rest_route=%2Fwp%2Fv2%2Fcategories&post=11314"},{"taxonomy":"post_tag","embeddable":true,"href":"https:\/\/partediario.com.ar\/index.php?rest_route=%2Fwp%2Fv2%2Ftags&post=11314"}],"curies":[{"name":"wp","href":"https:\/\/api.w.org\/{rel}","templated":true}]}}