{"id":11318,"date":"2025-02-04T20:01:39","date_gmt":"2025-02-04T23:01:39","guid":{"rendered":"https:\/\/partediario.com.ar\/?p=11318"},"modified":"2025-02-05T18:41:10","modified_gmt":"2025-02-05T21:41:10","slug":"hallaron-a-un-hombre-oriundo-de-venezuela-muerto-en-su-departamento-de-villa-urquiza","status":"publish","type":"post","link":"https:\/\/partediario.com.ar\/?p=11318","title":{"rendered":"Hallaron a un hombre oriundo de Venezuela muerto en su departamento de Villa Urquiza"},"content":{"rendered":"\n<h2 class=\"wp-block-heading\">Un hombre de nacionalidad venezolana fue encontrado muerto y maniatado en un departamento del barrio porte\u00f1o de Villa Urquiza.<\/h2>\n\n\n\n<p>Fuentes policiales informaron que una empleada dom\u00e9stica llam\u00f3 al 911 para denunciar que encontr\u00f3 el cuerpo del due\u00f1o de la casa sin signos vitales.<\/p>\n\n\n\n<p>Personal de la Comisar\u00eda Vecinal 12C se moviliz\u00f3 al edificio situado en la calle Blanco Encalada al 4600 y encontr\u00f3 el lugar revuelto, aunque las puertas de acceso no estaban violentadas.<\/p>\n\n\n\n<p>La v\u00edctima de 34 a\u00f1os se dedicaba a los negocios financieros, al tiempo que interviene en la investigaci\u00f3n la Divisi\u00f3n Homicidios de la Polic\u00eda de la Ciudad.<\/p>\n\n\n\n<p>Noticia en desarrollo\u2026<\/p>\n","protected":false},"excerpt":{"rendered":"<p>Un hombre de nacionalidad venezolana fue encontrado muerto y maniatado en un departamento del barrio porte&ntilde;o de Villa Urquiza. Fuentes policiales informaron que una empleada dom&eacute;stica llam&oacute; al 911 para denunciar que encontr&oacute; el cuerpo del due&ntilde;o de la casa sin signos vitales. Personal de la Comisar&iacute;a Vecinal 12C se moviliz&oacute; al edificio situado en [&hellip;]<\/p>\n","protected":false},"author":2,"featured_media":11319,"comment_status":"open","ping_status":"open","sticky":false,"template":"","format":"standard","meta":{"footnotes":""},"categories":[5,7],"tags":[883,725,5216,2457],"class_list":["post-11318","post","type-post","status-publish","format-standard","has-post-thumbnail","hentry","category-nacionales","category-policiales","tag-departamento","tag-muerto","tag-venezolano","tag-villa-urquiza"],"_links":{"self":[{"href":"https:\/\/partediario.com.ar\/index.php?rest_route=\/wp\/v2\/posts\/11318","targetHints":{"allow":["GET"]}}],"collection":[{"href":"https:\/\/partediario.com.ar\/index.php?rest_route=\/wp\/v2\/posts"}],"about":[{"href":"https:\/\/partediario.com.ar\/index.php?rest_route=\/wp\/v2\/types\/post"}],"author":[{"embeddable":true,"href":"https:\/\/partediario.com.ar\/index.php?rest_route=\/wp\/v2\/users\/2"}],"replies":[{"embeddable":true,"href":"https:\/\/partediario.com.ar\/index.php?rest_route=%2Fwp%2Fv2%2Fcomments&post=11318"}],"version-history":[{"count":1,"href":"https:\/\/partediario.com.ar\/index.php?rest_route=\/wp\/v2\/posts\/11318\/revisions"}],"predecessor-version":[{"id":11320,"href":"https:\/\/partediario.com.ar\/index.php?rest_route=\/wp\/v2\/posts\/11318\/revisions\/11320"}],"wp:featuredmedia":[{"embeddable":true,"href":"https:\/\/partediario.com.ar\/index.php?rest_route=\/wp\/v2\/media\/11319"}],"wp:attachment":[{"href":"https:\/\/partediario.com.ar\/index.php?rest_route=%2Fwp%2Fv2%2Fmedia&parent=11318"}],"wp:term":[{"taxonomy":"category","embeddable":true,"href":"https:\/\/partediario.com.ar\/index.php?rest_route=%2Fwp%2Fv2%2Fcategories&post=11318"},{"taxonomy":"post_tag","embeddable":true,"href":"https:\/\/partediario.com.ar\/index.php?rest_route=%2Fwp%2Fv2%2Ftags&post=11318"}],"curies":[{"name":"wp","href":"https:\/\/api.w.org\/{rel}","templated":true}]}}