{"id":11324,"date":"2025-02-05T17:59:59","date_gmt":"2025-02-05T20:59:59","guid":{"rendered":"https:\/\/partediario.com.ar\/?p=11324"},"modified":"2025-02-06T14:02:23","modified_gmt":"2025-02-06T17:02:23","slug":"milei-hablo-de-la-salida-de-argentina-de-la-oms-fueron-los-ideologos-de-la-cuarentena-cavernicola","status":"publish","type":"post","link":"https:\/\/partediario.com.ar\/?p=11324","title":{"rendered":"Milei habl\u00f3 de la salida de Argentina de la OMS: \u00abFueron los ide\u00f3logos de la cuarentena cavernicola\u00bb"},"content":{"rendered":"\n<h2 class=\"wp-block-heading\">Javier Milei se refiri\u00f3 a la salida de la Argentina de la Organizaci\u00f3n Mundial de la Salud. Calific\u00f3 al organismo como \u201cnefasto\u201d y los responsabiliz\u00f3 por la \u201ccuarentena cavern\u00edcola\u201d.<\/h2>\n\n\n\n<p>El presidente Javier Milei calific\u00f3 hoy mi\u00e9rcoles a la Organizaci\u00f3n Mundial de la Salud (OMS), como un organismo \u201cnefasto\u201d y se\u00f1al\u00f3 que durante la pandemia del Covid-19 tuvo el rol de ser el \u201cbrazo ejecutor\u201d del \u201cmayor experimento de control social de la historia\u201d.<\/p>\n\n\n\n<p><\/p>\n\n\n\n<blockquote class=\"twitter-tweet\"><p lang=\"es\" dir=\"ltr\">Nunca nos olvidaremos que fueron los ide\u00f3logos de la cuarentena cavern\u00edcola que implic\u00f3, acorde al Estatuto de Roma de 1998 (art\u00edculo 7.k) cometer, en complicidad con todos los Estados que tomaron sus directivas, uno de los delitos de lesa humanidad m\u00e1s estrafalarios de la\u2026<\/p>&mdash; Javier Milei (@JMilei) <a href=\"https:\/\/twitter.com\/JMilei\/status\/1887172415014232499?ref_src=twsrc%5Etfw\">February 5, 2025<\/a><\/blockquote> <script async src=\"https:\/\/platform.twitter.com\/widgets.js\" charset=\"utf-8\"><\/script>\n\n\n\n<p><\/p>\n\n\n\n<p>Milei enfatiz\u00f3 con una publicaci\u00f3n en la red social X la decisi\u00f3n del Gobierno, anunciada este mediod\u00eda por el vocero Manuel Adorni, de abandonar la OMS, en una medida similar a la que adopt\u00f3 recientemente el presidente de los Estados Unidos, Donald Trump.<\/p>\n\n\n\n<p>Aludiendo a la pandemia de 2020, el presidente dijo: \u201chemos decidido salir de un organismo tan nefasto y que fue el brazo ejecutor de lo que fue el mayor experimento de control social de la historia\u201d, y concluy\u00f3 su comentario con su cl\u00e1sico \u201cViva la libertad carajo!\u201d.<\/p>\n\n\n\n<p>\u201cNunca nos olvidaremos que fueron los ide\u00f3logos de la cuarentena cavern\u00edcola que implic\u00f3, acorde al Estatuto de Roma de 1998 (art\u00edculo 7.k) cometer, en complicidad con todos los Estados que tomaron sus directivas, uno de los delitos de lesa humanidad m\u00e1s estrafalarios de la historia\u201d, destac\u00f3 el jefe del Estado.<\/p>\n\n\n\n<p>La publicaci\u00f3n de Milei se suma al anuncio de Adorni y al posterior comunicado oficial de Presidencia, donde la Argentina afirm\u00f3 que la OMS \u00abfall\u00f3 en su mayor prueba de fuego\u00bb al promover \u00abcuarentenas eternas sin sustento cient\u00edfico\u00bb durante la pandemia del Covid-19.<\/p>\n\n\n\n<p>\u00abHoy la evidencia indica que las recetas de la OMS no funcionan porque son el resultado de la influencia pol\u00edtica, no basadas en la ciencia\u201d, expresa el comunicado y cuestion\u00f3 la existencia de organismos supranacionales \u00abque no cumplen con los objetivos para los que fueron creados, se dedican a hacer pol\u00edtica internacional y pretenden imponerse por encima de los pa\u00edses miembro\u00bb.<\/p>\n","protected":false},"excerpt":{"rendered":"<p>Javier Milei se refiri&oacute; a la salida de la Argentina de la Organizaci&oacute;n Mundial de la Salud. Calific&oacute; al organismo como &ldquo;nefasto&rdquo; y los responsabiliz&oacute; por la &ldquo;cuarentena cavern&iacute;cola&rdquo;. El presidente Javier Milei calific&oacute; hoy mi&eacute;rcoles a la Organizaci&oacute;n Mundial de la Salud (OMS), como un organismo &ldquo;nefasto&rdquo; y se&ntilde;al&oacute; que durante la pandemia del [&hellip;]<\/p>\n","protected":false},"author":2,"featured_media":11325,"comment_status":"open","ping_status":"open","sticky":false,"template":"","format":"standard","meta":{"footnotes":""},"categories":[5,176],"tags":[411,232,1528,5217],"class_list":["post-11324","post","type-post","status-publish","format-standard","has-post-thumbnail","hentry","category-nacionales","category-politica","tag-argentina","tag-javier-milei","tag-oms","tag-salida"],"_links":{"self":[{"href":"https:\/\/partediario.com.ar\/index.php?rest_route=\/wp\/v2\/posts\/11324","targetHints":{"allow":["GET"]}}],"collection":[{"href":"https:\/\/partediario.com.ar\/index.php?rest_route=\/wp\/v2\/posts"}],"about":[{"href":"https:\/\/partediario.com.ar\/index.php?rest_route=\/wp\/v2\/types\/post"}],"author":[{"embeddable":true,"href":"https:\/\/partediario.com.ar\/index.php?rest_route=\/wp\/v2\/users\/2"}],"replies":[{"embeddable":true,"href":"https:\/\/partediario.com.ar\/index.php?rest_route=%2Fwp%2Fv2%2Fcomments&post=11324"}],"version-history":[{"count":1,"href":"https:\/\/partediario.com.ar\/index.php?rest_route=\/wp\/v2\/posts\/11324\/revisions"}],"predecessor-version":[{"id":11326,"href":"https:\/\/partediario.com.ar\/index.php?rest_route=\/wp\/v2\/posts\/11324\/revisions\/11326"}],"wp:featuredmedia":[{"embeddable":true,"href":"https:\/\/partediario.com.ar\/index.php?rest_route=\/wp\/v2\/media\/11325"}],"wp:attachment":[{"href":"https:\/\/partediario.com.ar\/index.php?rest_route=%2Fwp%2Fv2%2Fmedia&parent=11324"}],"wp:term":[{"taxonomy":"category","embeddable":true,"href":"https:\/\/partediario.com.ar\/index.php?rest_route=%2Fwp%2Fv2%2Fcategories&post=11324"},{"taxonomy":"post_tag","embeddable":true,"href":"https:\/\/partediario.com.ar\/index.php?rest_route=%2Fwp%2Fv2%2Ftags&post=11324"}],"curies":[{"name":"wp","href":"https:\/\/api.w.org\/{rel}","templated":true}]}}