{"id":11337,"date":"2025-02-05T18:22:50","date_gmt":"2025-02-05T21:22:50","guid":{"rendered":"https:\/\/partediario.com.ar\/?p=11337"},"modified":"2025-02-06T14:02:05","modified_gmt":"2025-02-06T17:02:05","slug":"rial-hablo-luego-de-la-detencion-de-morena-no-voy-a-meterme-ni-a-mover-un-dedo","status":"publish","type":"post","link":"https:\/\/partediario.com.ar\/?p=11337","title":{"rendered":"Rial habl\u00f3 luego de la detenci\u00f3n de Morena: \u00abNo voy a meterme ni a mover un dedo\u00bb"},"content":{"rendered":"\n<h2 class=\"wp-block-heading\">Jorge Rial rompi\u00f3 el silencio despu\u00e9s de la detenci\u00f3n de su hija, Morena Rial, en un hotel del microcentro porte\u00f1o. La joven, de 25 a\u00f1os, est\u00e1 acusada de participar en un robo bajo la modalidad de \u00abescruche\u00bb en San Isidro.<\/h2>\n\n\n\n<p>Conmovido, el periodista se mostr\u00f3 angustiado en di\u00e1logo con C5N: \u00abLo que siento ahora es verg\u00fcenza, dolor y preocupaci\u00f3n por mi nieto. No hay un manual para ser padre, hice todo lo que pude\u00bb, destac\u00f3.<\/p>\n\n\n\n<p>En medio de la pol\u00e9mica, Rial se sincer\u00f3 sobre la dif\u00edcil relaci\u00f3n que mantiene con su hija y dej\u00f3 una dura reflexi\u00f3n: \u00abSer padre no es f\u00e1cil. Intent\u00e9 darle lo mejor, me equivoqu\u00e9 y tambi\u00e9n acert\u00e9, pero ella tom\u00f3 sus propias decisiones y ahora tiene que hacerse cargo\u00bb, apunt\u00f3.<\/p>\n\n\n\n<p>Adem\u00e1s, el conductor lament\u00f3 la exposici\u00f3n medi\u00e1tica del caso y pidi\u00f3 respeto: \u00abSe est\u00e1 hablando mucho, pero esto es un tema judicial. Yo no tengo nada que ver y no voy a intervenir. No voy a mover un dedo\u00bb.<\/p>\n\n\n\n<p>El hecho que termin\u00f3 con la detenci\u00f3n de Morena Rial<\/p>\n\n\n\n<p>La causa, a cargo del fiscal Patricio Ferrari de la UFI Mart\u00ednez, investiga el robo cometido el 18 de enero en una casa de Villa Adelina, donde los ladrones ingresaron forzando una ventana y se llevaron pertenencias de valor.<\/p>\n\n\n\n<p>Morena fue arrestada en la madrugada del mi\u00e9rcoles en un hotel de Cerrito y Lavalle. Seg\u00fan fuentes policiales, la joven ten\u00eda en su poder elementos robados y su detenci\u00f3n se produjo tras un seguimiento de varias semanas.<\/p>\n\n\n\n<p>El conductor manifest\u00f3 adem\u00e1s su tristeza por el futuro de su nieto, Francesco Benicio, hijo de Morena. \u00abLo \u00fanico que me importa es mi nieto. Se va a quedar conmigo hasta que esto se aclare\u00bb, afirm\u00f3.<\/p>\n\n\n\n<p>Por el momento, la joven permanecer\u00e1 detenida y podr\u00eda ser trasladada a la provincia de Buenos Aires en las pr\u00f3ximas horas.<\/p>\n","protected":false},"excerpt":{"rendered":"<p>Jorge Rial rompi&oacute; el silencio despu&eacute;s de la detenci&oacute;n de su hija, Morena Rial, en un hotel del microcentro porte&ntilde;o. La joven, de 25 a&ntilde;os, est&aacute; acusada de participar en un robo bajo la modalidad de &laquo;escruche&raquo; en San Isidro. Conmovido, el periodista se mostr&oacute; angustiado en di&aacute;logo con C5N: &laquo;Lo que siento ahora es [&hellip;]<\/p>\n","protected":false},"author":2,"featured_media":11338,"comment_status":"open","ping_status":"open","sticky":false,"template":"","format":"standard","meta":{"footnotes":""},"categories":[5,7],"tags":[902,5059,1372],"class_list":["post-11337","post","type-post","status-publish","format-standard","has-post-thumbnail","hentry","category-nacionales","category-policiales","tag-detencion","tag-jorge-rial","tag-morena-rial"],"_links":{"self":[{"href":"https:\/\/partediario.com.ar\/index.php?rest_route=\/wp\/v2\/posts\/11337","targetHints":{"allow":["GET"]}}],"collection":[{"href":"https:\/\/partediario.com.ar\/index.php?rest_route=\/wp\/v2\/posts"}],"about":[{"href":"https:\/\/partediario.com.ar\/index.php?rest_route=\/wp\/v2\/types\/post"}],"author":[{"embeddable":true,"href":"https:\/\/partediario.com.ar\/index.php?rest_route=\/wp\/v2\/users\/2"}],"replies":[{"embeddable":true,"href":"https:\/\/partediario.com.ar\/index.php?rest_route=%2Fwp%2Fv2%2Fcomments&post=11337"}],"version-history":[{"count":1,"href":"https:\/\/partediario.com.ar\/index.php?rest_route=\/wp\/v2\/posts\/11337\/revisions"}],"predecessor-version":[{"id":11339,"href":"https:\/\/partediario.com.ar\/index.php?rest_route=\/wp\/v2\/posts\/11337\/revisions\/11339"}],"wp:featuredmedia":[{"embeddable":true,"href":"https:\/\/partediario.com.ar\/index.php?rest_route=\/wp\/v2\/media\/11338"}],"wp:attachment":[{"href":"https:\/\/partediario.com.ar\/index.php?rest_route=%2Fwp%2Fv2%2Fmedia&parent=11337"}],"wp:term":[{"taxonomy":"category","embeddable":true,"href":"https:\/\/partediario.com.ar\/index.php?rest_route=%2Fwp%2Fv2%2Fcategories&post=11337"},{"taxonomy":"post_tag","embeddable":true,"href":"https:\/\/partediario.com.ar\/index.php?rest_route=%2Fwp%2Fv2%2Ftags&post=11337"}],"curies":[{"name":"wp","href":"https:\/\/api.w.org\/{rel}","templated":true}]}}