{"id":11343,"date":"2025-02-05T18:40:45","date_gmt":"2025-02-05T21:40:45","guid":{"rendered":"https:\/\/partediario.com.ar\/?p=11343"},"modified":"2025-02-05T18:40:46","modified_gmt":"2025-02-05T21:40:46","slug":"gustavo-petro-pidio-por-cadena-nacional-la-legalizacion-de-la-droga-la-cocaina-no-es-peor-que-el-whisky","status":"publish","type":"post","link":"https:\/\/partediario.com.ar\/?p=11343","title":{"rendered":"Gustavo Petro pidi\u00f3 por cadena nacional la legalizaci\u00f3n de la droga: \u00abLa coca\u00edna no es peor que el whisky\u00bb"},"content":{"rendered":"\n<h2 class=\"wp-block-heading\">El presidente de Colombia, Gustavo Petro, desafi\u00f3 la narrativa global sobre la guerra contra las drogas. Durante el Consejo de Ministros del martes 4 de febrero, transmitido en vivo, el mandatario asegur\u00f3 que \u00abla coca\u00edna no es m\u00e1s mala que el whisky\u00bb, una declaraci\u00f3n que gener\u00f3 grandes reacciones tanto en su pa\u00eds como en la comunidad internacional.<\/h2>\n\n\n\n<p>Petro argument\u00f3 que la ilegalidad de esta sustancia est\u00e1 m\u00e1s relacionada con su origen en Am\u00e9rica Latina que con su nivel de da\u00f1o. \u201cLa coca\u00edna es ilegal porque la hacen en Am\u00e9rica Latina, no porque sea m\u00e1s mala que el whisky. Eso los cient\u00edficos lo analizan\u201d, destac\u00f3.<\/p>\n\n\n\n<p>Y compar\u00f3 adem\u00e1s el tratamiento de la coca\u00edna con el del fentanilo, un opioide sint\u00e9tico que ha causado una crisis de salud p\u00fablica en Estados Unidos, pero que, seg\u00fan \u00e9l, no enfrenta las mismas restricciones a pesar de su impacto devastador.<\/p>\n\n\n\n<p>Las declaraciones del presidente fueron interpretadas como un nuevo intento de replantear la pol\u00edtica antidrogas, una postura que ha defendido en foros internacionales. Para Petro, la legalizaci\u00f3n de la coca\u00edna a nivel global permitir\u00eda desmantelar el negocio il\u00edcito y destinar recursos a la prevenci\u00f3n del consumo en menores.<\/p>\n\n\n\n<p>Su visi\u00f3n ha sido ampliamente cuestionada, puntualmente por sectores conservadores y analistas que alertan sobre los riesgos de normalizar la producci\u00f3n y distribuci\u00f3n de la droga. No obstante, su discurso refuerza la idea de que la estrategia de prohibici\u00f3n ha fracasado y que una regulaci\u00f3n distinta podr\u00eda cambiar el curso del narcotr\u00e1fico en la regi\u00f3n.<\/p>\n","protected":false},"excerpt":{"rendered":"<p>El presidente de Colombia, Gustavo Petro, desafi&oacute; la narrativa global sobre la guerra contra las drogas. Durante el Consejo de Ministros del martes 4 de febrero, transmitido en vivo, el mandatario asegur&oacute; que &laquo;la coca&iacute;na no es m&aacute;s mala que el whisky&raquo;, una declaraci&oacute;n que gener&oacute; grandes reacciones tanto en su pa&iacute;s como en la [&hellip;]<\/p>\n","protected":false},"author":2,"featured_media":11344,"comment_status":"open","ping_status":"open","sticky":false,"template":"","format":"standard","meta":{"footnotes":""},"categories":[9,176,726],"tags":[432,4903,5227],"class_list":["post-11343","post","type-post","status-publish","format-standard","has-post-thumbnail","hentry","category-internacionales","category-politica","category-sociedad","tag-cocaina","tag-gustavo-petro","tag-legalizacion"],"_links":{"self":[{"href":"https:\/\/partediario.com.ar\/index.php?rest_route=\/wp\/v2\/posts\/11343","targetHints":{"allow":["GET"]}}],"collection":[{"href":"https:\/\/partediario.com.ar\/index.php?rest_route=\/wp\/v2\/posts"}],"about":[{"href":"https:\/\/partediario.com.ar\/index.php?rest_route=\/wp\/v2\/types\/post"}],"author":[{"embeddable":true,"href":"https:\/\/partediario.com.ar\/index.php?rest_route=\/wp\/v2\/users\/2"}],"replies":[{"embeddable":true,"href":"https:\/\/partediario.com.ar\/index.php?rest_route=%2Fwp%2Fv2%2Fcomments&post=11343"}],"version-history":[{"count":1,"href":"https:\/\/partediario.com.ar\/index.php?rest_route=\/wp\/v2\/posts\/11343\/revisions"}],"predecessor-version":[{"id":11345,"href":"https:\/\/partediario.com.ar\/index.php?rest_route=\/wp\/v2\/posts\/11343\/revisions\/11345"}],"wp:featuredmedia":[{"embeddable":true,"href":"https:\/\/partediario.com.ar\/index.php?rest_route=\/wp\/v2\/media\/11344"}],"wp:attachment":[{"href":"https:\/\/partediario.com.ar\/index.php?rest_route=%2Fwp%2Fv2%2Fmedia&parent=11343"}],"wp:term":[{"taxonomy":"category","embeddable":true,"href":"https:\/\/partediario.com.ar\/index.php?rest_route=%2Fwp%2Fv2%2Fcategories&post=11343"},{"taxonomy":"post_tag","embeddable":true,"href":"https:\/\/partediario.com.ar\/index.php?rest_route=%2Fwp%2Fv2%2Ftags&post=11343"}],"curies":[{"name":"wp","href":"https:\/\/api.w.org\/{rel}","templated":true}]}}